{"id":222,"date":"2013-04-17T11:08:43","date_gmt":"2013-04-17T11:08:43","guid":{"rendered":"http:\/\/www.fetrib.com\/web2018\/escolar-base\/informacio-categoria-escolar-esport-base\/"},"modified":"2013-04-17T11:08:43","modified_gmt":"2013-04-17T11:08:43","slug":"informacio-categoria-escolar-esport-base","status":"publish","type":"post","link":"https:\/\/fetrib.com\/web\/2013\/04\/17\/informacio-categoria-escolar-esport-base\/","title":{"rendered":"Informaci\u00f3 categoria Escolar-Esport Base"},"content":{"rendered":"<p>El cl\u00ednic de dia 21 d&#8217;abril ha estat  ajornat, en principi s&#8217;estan fent gestions per a que sigui el proper  dissabte 4 de maig a l&#8217;horabaixa a Princeps d&#8217;Espanya<br \/>El triatl\u00f3 de Col\u00f2nia de Sant Jordi per a categor\u00edes base tamb\u00e9 s&#8217;ha ajornat fins dia 12 de Maig., diumenge, i ser\u00e0 un acuatl\u00f3.<\/p>\n<p>Tan aviat tenguem dates confirmades penjarem horaris i\u00a0 projecte.<\/p>\n","protected":false},"excerpt":{"rendered":"<p>El cl\u00ednic de dia 21 d&#8217;abril ha estat ajornat, en principi s&#8217;estan fent gestions per a que sigui el proper dissabte 4 de maig a l&#8217;horabaixa a Princeps d&#8217;EspanyaEl triatl\u00f3 de Col\u00f2nia de Sant Jordi per a categor\u00edes base tamb\u00e9 s&#8217;ha ajornat fins dia 12 de Maig., diumenge, i ser\u00e0 un acuatl\u00f3. Tan aviat tenguem &#8230;<\/p>\n","protected":false},"author":1,"featured_media":0,"comment_status":"open","ping_status":"open","sticky":false,"template":"","format":"standard","meta":{"_uag_custom_page_level_css":"","footnotes":""},"categories":[29],"tags":[],"class_list":["post-222","post","type-post","status-publish","format-standard","hentry","category-escolar-base"],"uagb_featured_image_src":{"full":false,"thumbnail":false,"medium":false,"medium_large":false,"large":false,"1536x1536":false,"2048x2048":false,"tie-small":false,"tie-large":false,"slider":false},"uagb_author_info":{"display_name":"admin","author_link":"https:\/\/fetrib.com\/web\/author\/admin\/"},"uagb_comment_info":0,"uagb_excerpt":"El cl\u00ednic de dia 21 d&#8217;abril ha estat ajornat, en principi s&#8217;estan fent gestions per a que sigui el proper dissabte 4 de maig a l&#8217;horabaixa a Princeps d&#8217;EspanyaEl triatl\u00f3 de Col\u00f2nia de Sant Jordi per a categor\u00edes base tamb\u00e9 s&#8217;ha ajornat fins dia 12 de Maig., diumenge, i ser\u00e0 un acuatl\u00f3. Tan aviat tenguem&hellip;","_links":{"self":[{"href":"https:\/\/fetrib.com\/web\/wp-json\/wp\/v2\/posts\/222","targetHints":{"allow":["GET"]}}],"collection":[{"href":"https:\/\/fetrib.com\/web\/wp-json\/wp\/v2\/posts"}],"about":[{"href":"https:\/\/fetrib.com\/web\/wp-json\/wp\/v2\/types\/post"}],"author":[{"embeddable":true,"href":"https:\/\/fetrib.com\/web\/wp-json\/wp\/v2\/users\/1"}],"replies":[{"embeddable":true,"href":"https:\/\/fetrib.com\/web\/wp-json\/wp\/v2\/comments?post=222"}],"version-history":[{"count":0,"href":"https:\/\/fetrib.com\/web\/wp-json\/wp\/v2\/posts\/222\/revisions"}],"wp:attachment":[{"href":"https:\/\/fetrib.com\/web\/wp-json\/wp\/v2\/media?parent=222"}],"wp:term":[{"taxonomy":"category","embeddable":true,"href":"https:\/\/fetrib.com\/web\/wp-json\/wp\/v2\/categories?post=222"},{"taxonomy":"post_tag","embeddable":true,"href":"https:\/\/fetrib.com\/web\/wp-json\/wp\/v2\/tags?post=222"}],"curies":[{"name":"wp","href":"https:\/\/api.w.org\/{rel}","templated":true}]}}