{"id":228,"date":"2013-04-25T07:30:38","date_gmt":"2013-04-25T07:30:38","guid":{"rendered":"http:\/\/www.fetrib.com\/web2018\/uncategorised\/canvi-de-data-del-lets-tri-ciutat-de-palma\/"},"modified":"2013-04-25T07:30:38","modified_gmt":"2013-04-25T07:30:38","slug":"canvi-de-data-del-lets-tri-ciutat-de-palma","status":"publish","type":"post","link":"https:\/\/fetrib.com\/web\/2013\/04\/25\/canvi-de-data-del-lets-tri-ciutat-de-palma\/","title":{"rendered":"Canvi de data del Let&#8217;s Tri Ciutat de Palma"},"content":{"rendered":"<p>El Let&#8217;s Tri Triatl\u00f3 Ciutat de Palma canvia de dates, i es disputar\u00e0 el 9 de juny.<\/p>\n<p>El triatl\u00f3 de categories base previst per dia 25 de maig, tamb\u00e9 canvia de data i es disputar\u00e0 el 8 de juny.<\/p>\n<p>  <!--more-->  <\/p>\n<p>Per causes t\u00e8cniques justificades per l&#8217;organitzador, es fa impossible celebrar aquesta prova les dates previstes. Per aquest motiu, l&#8217;organitzador ha decidit ajornar-lo a les dates indicades.<\/p>\n<p>Per a m\u00e9s informaci\u00f3 podeu visitar la p\u00e0gina de la prova:<\/p>\n<p><span style=\"font-family: Arial; color: navy; font-size: x-small;\"><span style=\"font-size: 10.0pt; font-family: Arial; color: navy;\" lang=\"CA\"><a href=\"http:\/\/letstri.es\/pruebas\/triatlon-ciutat-de-palma\/\">http:\/\/letstri.es\/pruebas\/triatlon-ciutat-de-palma\/<\/a><br \/><\/span><\/span><\/p>\n","protected":false},"excerpt":{"rendered":"<p>El Let&#8217;s Tri Triatl\u00f3 Ciutat de Palma canvia de dates, i es disputar\u00e0 el 9 de juny. El triatl\u00f3 de categories base previst per dia 25 de maig, tamb\u00e9 canvia de data i es disputar\u00e0 el 8 de juny.<\/p>\n","protected":false},"author":1,"featured_media":0,"comment_status":"open","ping_status":"open","sticky":false,"template":"","format":"standard","meta":{"_uag_custom_page_level_css":"","footnotes":""},"categories":[46],"tags":[],"class_list":["post-228","post","type-post","status-publish","format-standard","hentry","category-triatlo"],"uagb_featured_image_src":{"full":false,"thumbnail":false,"medium":false,"medium_large":false,"large":false,"1536x1536":false,"2048x2048":false,"tie-small":false,"tie-large":false,"slider":false},"uagb_author_info":{"display_name":"admin","author_link":"https:\/\/fetrib.com\/web\/author\/admin\/"},"uagb_comment_info":0,"uagb_excerpt":"El Let&#8217;s Tri Triatl\u00f3 Ciutat de Palma canvia de dates, i es disputar\u00e0 el 9 de juny. El triatl\u00f3 de categories base previst per dia 25 de maig, tamb\u00e9 canvia de data i es disputar\u00e0 el 8 de juny.","_links":{"self":[{"href":"https:\/\/fetrib.com\/web\/wp-json\/wp\/v2\/posts\/228","targetHints":{"allow":["GET"]}}],"collection":[{"href":"https:\/\/fetrib.com\/web\/wp-json\/wp\/v2\/posts"}],"about":[{"href":"https:\/\/fetrib.com\/web\/wp-json\/wp\/v2\/types\/post"}],"author":[{"embeddable":true,"href":"https:\/\/fetrib.com\/web\/wp-json\/wp\/v2\/users\/1"}],"replies":[{"embeddable":true,"href":"https:\/\/fetrib.com\/web\/wp-json\/wp\/v2\/comments?post=228"}],"version-history":[{"count":0,"href":"https:\/\/fetrib.com\/web\/wp-json\/wp\/v2\/posts\/228\/revisions"}],"wp:attachment":[{"href":"https:\/\/fetrib.com\/web\/wp-json\/wp\/v2\/media?parent=228"}],"wp:term":[{"taxonomy":"category","embeddable":true,"href":"https:\/\/fetrib.com\/web\/wp-json\/wp\/v2\/categories?post=228"},{"taxonomy":"post_tag","embeddable":true,"href":"https:\/\/fetrib.com\/web\/wp-json\/wp\/v2\/tags?post=228"}],"curies":[{"name":"wp","href":"https:\/\/api.w.org\/{rel}","templated":true}]}}