{"id":232,"date":"2013-04-29T11:29:12","date_gmt":"2013-04-29T11:29:12","guid":{"rendered":"http:\/\/www.fetrib.com\/web2018\/news\/latest-news\/mavi-garcia-tercera-al-campionat-despanya-de-duatlo\/"},"modified":"2013-04-29T11:29:12","modified_gmt":"2013-04-29T11:29:12","slug":"mavi-garcia-tercera-al-campionat-despanya-de-duatlo","status":"publish","type":"post","link":"https:\/\/fetrib.com\/web\/2013\/04\/29\/mavi-garcia-tercera-al-campionat-despanya-de-duatlo\/","title":{"rendered":"Mavi Garc\u00eda tercera al Campionat d&#8217;Espanya de Duatl\u00f3"},"content":{"rendered":"<p>En el seu debut com a duatleta i despr\u00e9s d&#8217;haver patit una caiguda, Mavi Garc\u00eda aconsegueix la medalla de bronze al Campionat d&#8217;Espanya de Duatl\u00f3 celebrat aquest cap de setmana a Pontevedra.<\/p>\n<p style=\"text-align: center;\"><img decoding=\"async\" src=\"images\/stories\/mavi2.jpg\" border=\"0\" width=\"75%\" \/><\/p>\n<p>\u00a0<\/p>\n<p>  <!--more-->  <\/p>\n<p>\u00a0<\/p>\n<p>Mavi arrib\u00e0 a la T1 en primera posici\u00f3 d&#8217;un grup de 5 duatletes, marcant un temps de 35:51 en els primers 10km. Despr\u00e9s d&#8217;anar en el grup capdavanter, i patir una caiguda a falta de 2 voltes, aconsegu\u00ed recuperar-se i entrar tercera a la T2. Durant els darrers 5.000 mts. Mavi es dedic\u00e0 a consolidar la tercera posici\u00f3.<\/p>\n<p>Finalment aconsegu\u00ed la medalla de bronze per darrera de les internacionals Ana Burgos i Immaculada Pereiro.<\/p>\n<p>Enhorabona campiona!!!<\/p>\n<p>\u00a0<\/p>\n","protected":false},"excerpt":{"rendered":"<p>En el seu debut com a duatleta i despr\u00e9s d&#8217;haver patit una caiguda, Mavi Garc\u00eda aconsegueix la medalla de bronze al Campionat d&#8217;Espanya de Duatl\u00f3 celebrat aquest cap de setmana a Pontevedra. \u00a0<\/p>\n","protected":false},"author":1,"featured_media":0,"comment_status":"open","ping_status":"open","sticky":false,"template":"","format":"standard","meta":{"_uag_custom_page_level_css":"","footnotes":""},"categories":[37],"tags":[],"class_list":["post-232","post","type-post","status-publish","format-standard","hentry","category-latest-news"],"uagb_featured_image_src":{"full":false,"thumbnail":false,"medium":false,"medium_large":false,"large":false,"1536x1536":false,"2048x2048":false,"tie-small":false,"tie-large":false,"slider":false},"uagb_author_info":{"display_name":"admin","author_link":"https:\/\/fetrib.com\/web\/author\/admin\/"},"uagb_comment_info":0,"uagb_excerpt":"En el seu debut com a duatleta i despr\u00e9s d&#8217;haver patit una caiguda, Mavi Garc\u00eda aconsegueix la medalla de bronze al Campionat d&#8217;Espanya de Duatl\u00f3 celebrat aquest cap de setmana a Pontevedra. \u00a0","_links":{"self":[{"href":"https:\/\/fetrib.com\/web\/wp-json\/wp\/v2\/posts\/232","targetHints":{"allow":["GET"]}}],"collection":[{"href":"https:\/\/fetrib.com\/web\/wp-json\/wp\/v2\/posts"}],"about":[{"href":"https:\/\/fetrib.com\/web\/wp-json\/wp\/v2\/types\/post"}],"author":[{"embeddable":true,"href":"https:\/\/fetrib.com\/web\/wp-json\/wp\/v2\/users\/1"}],"replies":[{"embeddable":true,"href":"https:\/\/fetrib.com\/web\/wp-json\/wp\/v2\/comments?post=232"}],"version-history":[{"count":0,"href":"https:\/\/fetrib.com\/web\/wp-json\/wp\/v2\/posts\/232\/revisions"}],"wp:attachment":[{"href":"https:\/\/fetrib.com\/web\/wp-json\/wp\/v2\/media?parent=232"}],"wp:term":[{"taxonomy":"category","embeddable":true,"href":"https:\/\/fetrib.com\/web\/wp-json\/wp\/v2\/categories?post=232"},{"taxonomy":"post_tag","embeddable":true,"href":"https:\/\/fetrib.com\/web\/wp-json\/wp\/v2\/tags?post=232"}],"curies":[{"name":"wp","href":"https:\/\/api.w.org\/{rel}","templated":true}]}}