{"id":233,"date":"2013-05-03T08:15:44","date_gmt":"2013-05-03T08:15:44","guid":{"rendered":"http:\/\/www.fetrib.com\/web2018\/news\/latest-news\/seleccio-ebe-c-espanya-daquatlo\/"},"modified":"2013-05-03T08:15:44","modified_gmt":"2013-05-03T08:15:44","slug":"seleccio-ebe-c-espanya-daquatlo","status":"publish","type":"post","link":"https:\/\/fetrib.com\/web\/2013\/05\/03\/seleccio-ebe-c-espanya-daquatlo\/","title":{"rendered":"Selecci\u00f3 EBE C. Espanya d&#8217;Aquatl\u00f3"},"content":{"rendered":"<p style=\"text-align: center;\"><img decoding=\"async\" src=\"images\/stories\/main-img1.jpg\" border=\"0\" width=\"75%\/\" \/><\/p>\n<p>El proper 25 de maig es disputar\u00e0 a \u00c1guilas (Murcia), el Campionat d&#8217;Espanya d&#8217;Aquatl\u00f3.<\/p>\n<p>El Director T\u00e8cnic de l&#8217;EBE, David Atienza, ha fet p\u00fablica la llista de seleccionats per anar a aquest campionat.<\/p>\n<p>  <!--more-->  <\/p>\n<p class=\"MsoListParagraphCxSpFirst\">Manuel Garc\u00eda (Cadet)<\/p>\n<p class=\"MsoListParagraphCxSpMiddle\">Jorge Garc\u00eda (Junior)<\/p>\n<p class=\"MsoListParagraphCxSpMiddle\">Gorka Mart\u00ednez (Junior)<\/p>\n<p class=\"MsoListParagraphCxSpMiddle\">Sergio Heredia (Junior)<\/p>\n<p class=\"MsoListParagraphCxSpMiddle\">Marcos Caparr\u00f3s (Junior)<\/p>\n<p class=\"MsoListParagraphCxSpMiddle\">\u00a0<\/p>\n<p class=\"MsoListParagraphCxSpMiddle\">A m\u00e9s, ha seleccionat els seg\u00fcents triatletes de seguiment:<\/p>\n<p class=\"MsoListParagraphCxSpMiddle\">Daniel Pons (Cadet)<\/p>\n<p class=\"MsoListParagraphCxSpMiddle\">Rub\u00e9n Guirado (Cadet)<\/p>\n<p class=\"MsoListParagraphCxSpMiddle\">Xisco Alemany (Cadet)<\/p>\n<p class=\"MsoListParagraphCxSpLast\">Cris Tortella ( Cadet)<\/p>\n","protected":false},"excerpt":{"rendered":"<p>El proper 25 de maig es disputar\u00e0 a \u00c1guilas (Murcia), el Campionat d&#8217;Espanya d&#8217;Aquatl\u00f3. El Director T\u00e8cnic de l&#8217;EBE, David Atienza, ha fet p\u00fablica la llista de seleccionats per anar a aquest campionat.<\/p>\n","protected":false},"author":1,"featured_media":0,"comment_status":"open","ping_status":"open","sticky":false,"template":"","format":"standard","meta":{"_uag_custom_page_level_css":"","footnotes":""},"categories":[37],"tags":[],"class_list":["post-233","post","type-post","status-publish","format-standard","hentry","category-latest-news"],"uagb_featured_image_src":{"full":false,"thumbnail":false,"medium":false,"medium_large":false,"large":false,"1536x1536":false,"2048x2048":false,"tie-small":false,"tie-large":false,"slider":false},"uagb_author_info":{"display_name":"admin","author_link":"https:\/\/fetrib.com\/web\/author\/admin\/"},"uagb_comment_info":0,"uagb_excerpt":"El proper 25 de maig es disputar\u00e0 a \u00c1guilas (Murcia), el Campionat d&#8217;Espanya d&#8217;Aquatl\u00f3. El Director T\u00e8cnic de l&#8217;EBE, David Atienza, ha fet p\u00fablica la llista de seleccionats per anar a aquest campionat.","_links":{"self":[{"href":"https:\/\/fetrib.com\/web\/wp-json\/wp\/v2\/posts\/233","targetHints":{"allow":["GET"]}}],"collection":[{"href":"https:\/\/fetrib.com\/web\/wp-json\/wp\/v2\/posts"}],"about":[{"href":"https:\/\/fetrib.com\/web\/wp-json\/wp\/v2\/types\/post"}],"author":[{"embeddable":true,"href":"https:\/\/fetrib.com\/web\/wp-json\/wp\/v2\/users\/1"}],"replies":[{"embeddable":true,"href":"https:\/\/fetrib.com\/web\/wp-json\/wp\/v2\/comments?post=233"}],"version-history":[{"count":0,"href":"https:\/\/fetrib.com\/web\/wp-json\/wp\/v2\/posts\/233\/revisions"}],"wp:attachment":[{"href":"https:\/\/fetrib.com\/web\/wp-json\/wp\/v2\/media?parent=233"}],"wp:term":[{"taxonomy":"category","embeddable":true,"href":"https:\/\/fetrib.com\/web\/wp-json\/wp\/v2\/categories?post=233"},{"taxonomy":"post_tag","embeddable":true,"href":"https:\/\/fetrib.com\/web\/wp-json\/wp\/v2\/tags?post=233"}],"curies":[{"name":"wp","href":"https:\/\/api.w.org\/{rel}","templated":true}]}}