{"id":238,"date":"2013-05-13T07:32:04","date_gmt":"2013-05-13T07:32:04","guid":{"rendered":"http:\/\/www.fetrib.com\/web2018\/news\/latest-news\/suspes-el-tiratlo-olimpic-verser-hotels\/"},"modified":"2013-05-13T07:32:04","modified_gmt":"2013-05-13T07:32:04","slug":"suspes-el-tiratlo-olimpic-verser-hotels","status":"publish","type":"post","link":"https:\/\/fetrib.com\/web\/2013\/05\/13\/suspes-el-tiratlo-olimpic-verser-hotels\/","title":{"rendered":"Susp\u00e8s el Tiratl\u00f3 Ol\u00edmpic Verser Hotels"},"content":{"rendered":"<p>VERSUS HOTELS, promotor del I Triatl\u00f3 Ol\u00edmpic Verser Hotels, ha  comunicat a la FETRIB, que degut a les baixes inscripcions i a la  impossibilitat d&#8217;assumir els costos organitzatius es veu obligada a  cancel\u00b7lar la realitzaci\u00f3 d&#8217;aquesta prova.<\/p>\n<p> A m\u00e9s a m\u00e9s aquesta prova havia sigut seleccionada com a Campionat de  Balears de Triatl\u00f3 dist\u00e0ncia ol\u00edmpica i la seva cancel\u00b7laci\u00f3 implica la  suspensi\u00f3 temporal d&#8217;aquest campionat.\u00a0 Des de la federaci\u00f3 demanam  disculpes a tots els afectats i possarem tots el mitjans possibles per  poder disposar d&#8217;un campionat en dist\u00e0ncia olimpica dins d&#8217;aquesta  temporada.<\/p>\n<p> Recordam que tenim a disposici\u00f3 de tots els federats la direcci\u00f3 de correu <a href=\"http:\/\/webmail.fetrib.com\/imp\/message.php?mailbox=INBOX&amp;index=1400\">info@fetrib.com<\/a> per a qualsevol queixa o consulta, per tal de fer-la arribar a l&#8217;organitzador de manera oficial.<\/p>\n","protected":false},"excerpt":{"rendered":"<p>VERSUS HOTELS, promotor del I Triatl\u00f3 Ol\u00edmpic Verser Hotels, ha comunicat a la FETRIB, que degut a les baixes inscripcions i a la impossibilitat d&#8217;assumir els costos organitzatius es veu obligada a cancel\u00b7lar la realitzaci\u00f3 d&#8217;aquesta prova. A m\u00e9s a m\u00e9s aquesta prova havia sigut seleccionada com a Campionat de Balears de Triatl\u00f3 dist\u00e0ncia ol\u00edmpica &#8230;<\/p>\n","protected":false},"author":1,"featured_media":0,"comment_status":"open","ping_status":"open","sticky":false,"template":"","format":"standard","meta":{"_uag_custom_page_level_css":"","footnotes":""},"categories":[37],"tags":[],"class_list":["post-238","post","type-post","status-publish","format-standard","hentry","category-latest-news"],"uagb_featured_image_src":{"full":false,"thumbnail":false,"medium":false,"medium_large":false,"large":false,"1536x1536":false,"2048x2048":false,"tie-small":false,"tie-large":false,"slider":false},"uagb_author_info":{"display_name":"admin","author_link":"https:\/\/fetrib.com\/web\/author\/admin\/"},"uagb_comment_info":0,"uagb_excerpt":"VERSUS HOTELS, promotor del I Triatl\u00f3 Ol\u00edmpic Verser Hotels, ha comunicat a la FETRIB, que degut a les baixes inscripcions i a la impossibilitat d&#8217;assumir els costos organitzatius es veu obligada a cancel\u00b7lar la realitzaci\u00f3 d&#8217;aquesta prova. A m\u00e9s a m\u00e9s aquesta prova havia sigut seleccionada com a Campionat de Balears de Triatl\u00f3 dist\u00e0ncia ol\u00edmpica&hellip;","_links":{"self":[{"href":"https:\/\/fetrib.com\/web\/wp-json\/wp\/v2\/posts\/238","targetHints":{"allow":["GET"]}}],"collection":[{"href":"https:\/\/fetrib.com\/web\/wp-json\/wp\/v2\/posts"}],"about":[{"href":"https:\/\/fetrib.com\/web\/wp-json\/wp\/v2\/types\/post"}],"author":[{"embeddable":true,"href":"https:\/\/fetrib.com\/web\/wp-json\/wp\/v2\/users\/1"}],"replies":[{"embeddable":true,"href":"https:\/\/fetrib.com\/web\/wp-json\/wp\/v2\/comments?post=238"}],"version-history":[{"count":0,"href":"https:\/\/fetrib.com\/web\/wp-json\/wp\/v2\/posts\/238\/revisions"}],"wp:attachment":[{"href":"https:\/\/fetrib.com\/web\/wp-json\/wp\/v2\/media?parent=238"}],"wp:term":[{"taxonomy":"category","embeddable":true,"href":"https:\/\/fetrib.com\/web\/wp-json\/wp\/v2\/categories?post=238"},{"taxonomy":"post_tag","embeddable":true,"href":"https:\/\/fetrib.com\/web\/wp-json\/wp\/v2\/tags?post=238"}],"curies":[{"name":"wp","href":"https:\/\/api.w.org\/{rel}","templated":true}]}}