{"id":239,"date":"2013-05-14T07:42:10","date_gmt":"2013-05-14T07:42:10","guid":{"rendered":"http:\/\/www.fetrib.com\/web2018\/news\/latest-news\/eneko-llanos-guanya-la-iii-thomas-cook-ironman-703-mallorca\/"},"modified":"2013-05-14T07:42:10","modified_gmt":"2013-05-14T07:42:10","slug":"eneko-llanos-guanya-la-iii-thomas-cook-ironman-703-mallorca","status":"publish","type":"post","link":"https:\/\/fetrib.com\/web\/2013\/05\/14\/eneko-llanos-guanya-la-iii-thomas-cook-ironman-703-mallorca\/","title":{"rendered":"Eneko Llanos guanya la III Thomas Cook Ironman 70.3 Mallorca"},"content":{"rendered":"<p style=\"text-align: center;\"><img decoding=\"async\" src=\"images\/stories\/podium_ironman.jpg\" border=\"0\" width=\"75%\" \/><\/p>\n<p>El corredor basc s&#8217;impos\u00e0 a la resta de triatletes amb un temps de\u00a0 3:52:36, entrant per davant de Bart Aernouts (3:52:54) i de l&#8217;alemany guanyador de la primera edici\u00f3, Andreas Raelert (3:54:43).<\/p>\n<p style=\"text-align: center;\">\u00a0<\/p>\n<p>  <!--more-->  <\/p>\n<p>Tot i que el dia s&#8217;iniciava amb algunes gotes de pluja, tot d&#8217;una el cel s&#8217;estir\u00e0 i el bon temps i un magn\u00edfic sol acompanyaren als m\u00e9s de 3200 triatletes que participaren d&#8217;aquesta prova, ja consolidada en el calendari triatl\u00e8tic de les Balears.<\/p>\n<p>\u00a0<\/p>\n<p>En dones, la guanyadora va ser l&#8217;austr\u00edaca Lisa H\u00fctthaler, amb un temps de 4:24:25, seguida de la belga Yvonne van Vlerken (4:27:17) i la brit\u00e0nica Lucy Gossage (4:30:03).<\/p>\n<p>El mallorqu\u00ed Toni Colom s&#8217;impos\u00e0 en el seu grup d&#8217;edat amb un temps de 3:55:20, el que li hagu\u00e9s valgut la quarta posici\u00f3 en categoria professional.<\/p>\n","protected":false},"excerpt":{"rendered":"<p>El corredor basc s&#8217;impos\u00e0 a la resta de triatletes amb un temps de\u00a0 3:52:36, entrant per davant de Bart Aernouts (3:52:54) i de l&#8217;alemany guanyador de la primera edici\u00f3, Andreas Raelert (3:54:43). \u00a0<\/p>\n","protected":false},"author":1,"featured_media":0,"comment_status":"open","ping_status":"open","sticky":false,"template":"","format":"standard","meta":{"_uag_custom_page_level_css":"","footnotes":""},"categories":[37],"tags":[],"class_list":["post-239","post","type-post","status-publish","format-standard","hentry","category-latest-news"],"uagb_featured_image_src":{"full":false,"thumbnail":false,"medium":false,"medium_large":false,"large":false,"1536x1536":false,"2048x2048":false,"tie-small":false,"tie-large":false,"slider":false},"uagb_author_info":{"display_name":"admin","author_link":"https:\/\/fetrib.com\/web\/author\/admin\/"},"uagb_comment_info":0,"uagb_excerpt":"El corredor basc s&#8217;impos\u00e0 a la resta de triatletes amb un temps de\u00a0 3:52:36, entrant per davant de Bart Aernouts (3:52:54) i de l&#8217;alemany guanyador de la primera edici\u00f3, Andreas Raelert (3:54:43). \u00a0","_links":{"self":[{"href":"https:\/\/fetrib.com\/web\/wp-json\/wp\/v2\/posts\/239","targetHints":{"allow":["GET"]}}],"collection":[{"href":"https:\/\/fetrib.com\/web\/wp-json\/wp\/v2\/posts"}],"about":[{"href":"https:\/\/fetrib.com\/web\/wp-json\/wp\/v2\/types\/post"}],"author":[{"embeddable":true,"href":"https:\/\/fetrib.com\/web\/wp-json\/wp\/v2\/users\/1"}],"replies":[{"embeddable":true,"href":"https:\/\/fetrib.com\/web\/wp-json\/wp\/v2\/comments?post=239"}],"version-history":[{"count":0,"href":"https:\/\/fetrib.com\/web\/wp-json\/wp\/v2\/posts\/239\/revisions"}],"wp:attachment":[{"href":"https:\/\/fetrib.com\/web\/wp-json\/wp\/v2\/media?parent=239"}],"wp:term":[{"taxonomy":"category","embeddable":true,"href":"https:\/\/fetrib.com\/web\/wp-json\/wp\/v2\/categories?post=239"},{"taxonomy":"post_tag","embeddable":true,"href":"https:\/\/fetrib.com\/web\/wp-json\/wp\/v2\/tags?post=239"}],"curies":[{"name":"wp","href":"https:\/\/api.w.org\/{rel}","templated":true}]}}