{"id":240,"date":"2013-05-16T09:01:28","date_gmt":"2013-05-16T09:01:28","guid":{"rendered":"http:\/\/www.fetrib.com\/web2018\/news\/latest-news\/jornada-esportiva-a-son-bou\/"},"modified":"2013-05-16T09:01:28","modified_gmt":"2013-05-16T09:01:28","slug":"jornada-esportiva-a-son-bou","status":"publish","type":"post","link":"https:\/\/fetrib.com\/web\/2013\/05\/16\/jornada-esportiva-a-son-bou\/","title":{"rendered":"Jornada esportiva a Son Bou"},"content":{"rendered":"<p>\u00a0<\/p>\n<p style=\"text-align: center;\"><img decoding=\"async\" src=\"images\/stories\/son_bou.jpg\" border=\"0\" width=\"75%\" \/><\/p>\n<p>El club L\u00f4 Esport va organitzar una cursa, un duatl\u00f3 infantil, un duatl\u00f3  sprint i tres curses d&#8217;atletisme, una d&#8217;iniciaci\u00f3, una infantil i un  5000.<\/p>\n<p>\u00a0<\/p>\n<p>  <!--more-->  <\/p>\n<p>Un total de 52 van acabar es duatl\u00f3 srpint.<br \/> Va ser una cursa molt igualada en tot moment, amb un grup davanter de 5 triatletes que van lluitar per es podi fins es final.<br \/> Es guanyador mascul\u00ed, va ser en Juli Mart\u00ed (C.N Llucmajor-sportBEQUI)  52&#8217;08\u00bb, seguit de\u00a0 Daniel Estevez (L\u00f4 Sport) 52&#8217;12\u00bb i de Nacho All\u00e8s  (Xtrem Menorca Triatl\u00f3) 52&#8217;14\u00bb.<br \/> En femen\u00ed, sa guanyadora, va ser na Nuria Sbert 1h09&#8217;37\u00bb seguida de  Francesca Russo (Xtrem Menorca Triatl\u00f3) 1h09&#8217;59\u00bb i de Virginia Salort  (L\u00f4 Esport) 1h13&#8217;04\u00bb<br \/> Es duatl\u00f3 infantil va contar amb 7 participants.<br \/> El va guanyar na Laia Riudavets (L\u00f4 Esport), seguida de Joan Le\u00f3n i de Marc Carmona (Lo Esport)<br \/> Sa segona fieta va ser na Lara Vidal (L\u00f4 Esport)<\/p>\n<p>\u00a0<\/p>\n","protected":false},"excerpt":{"rendered":"<p>\u00a0 El club L\u00f4 Esport va organitzar una cursa, un duatl\u00f3 infantil, un duatl\u00f3 sprint i tres curses d&#8217;atletisme, una d&#8217;iniciaci\u00f3, una infantil i un 5000. \u00a0<\/p>\n","protected":false},"author":1,"featured_media":0,"comment_status":"open","ping_status":"open","sticky":false,"template":"","format":"standard","meta":{"_uag_custom_page_level_css":"","footnotes":""},"categories":[37],"tags":[],"class_list":["post-240","post","type-post","status-publish","format-standard","hentry","category-latest-news"],"uagb_featured_image_src":{"full":false,"thumbnail":false,"medium":false,"medium_large":false,"large":false,"1536x1536":false,"2048x2048":false,"tie-small":false,"tie-large":false,"slider":false},"uagb_author_info":{"display_name":"admin","author_link":"https:\/\/fetrib.com\/web\/author\/admin\/"},"uagb_comment_info":0,"uagb_excerpt":"\u00a0 El club L\u00f4 Esport va organitzar una cursa, un duatl\u00f3 infantil, un duatl\u00f3 sprint i tres curses d&#8217;atletisme, una d&#8217;iniciaci\u00f3, una infantil i un 5000. \u00a0","_links":{"self":[{"href":"https:\/\/fetrib.com\/web\/wp-json\/wp\/v2\/posts\/240","targetHints":{"allow":["GET"]}}],"collection":[{"href":"https:\/\/fetrib.com\/web\/wp-json\/wp\/v2\/posts"}],"about":[{"href":"https:\/\/fetrib.com\/web\/wp-json\/wp\/v2\/types\/post"}],"author":[{"embeddable":true,"href":"https:\/\/fetrib.com\/web\/wp-json\/wp\/v2\/users\/1"}],"replies":[{"embeddable":true,"href":"https:\/\/fetrib.com\/web\/wp-json\/wp\/v2\/comments?post=240"}],"version-history":[{"count":0,"href":"https:\/\/fetrib.com\/web\/wp-json\/wp\/v2\/posts\/240\/revisions"}],"wp:attachment":[{"href":"https:\/\/fetrib.com\/web\/wp-json\/wp\/v2\/media?parent=240"}],"wp:term":[{"taxonomy":"category","embeddable":true,"href":"https:\/\/fetrib.com\/web\/wp-json\/wp\/v2\/categories?post=240"},{"taxonomy":"post_tag","embeddable":true,"href":"https:\/\/fetrib.com\/web\/wp-json\/wp\/v2\/tags?post=240"}],"curies":[{"name":"wp","href":"https:\/\/api.w.org\/{rel}","templated":true}]}}