{"id":241,"date":"2013-05-17T15:55:29","date_gmt":"2013-05-17T15:55:29","guid":{"rendered":"http:\/\/www.fetrib.com\/web2018\/news\/latest-news\/campionat-deuropa-de-triatlo-de-mitja-distancia\/"},"modified":"2013-05-17T15:55:29","modified_gmt":"2013-05-17T15:55:29","slug":"campionat-deuropa-de-triatlo-de-mitja-distancia","status":"publish","type":"post","link":"https:\/\/fetrib.com\/web\/2013\/05\/17\/campionat-deuropa-de-triatlo-de-mitja-distancia\/","title":{"rendered":"Campionat d&#8217;Europa de Triatl\u00f3 de Mitja Dist\u00e0ncia"},"content":{"rendered":"<p style=\"text-align: center;\"><img decoding=\"async\" src=\"images\/stories\/charly.jpg\" border=\"0\" width=\"75%\" \/><\/p>\n<p>Aquest cap de setmana es disputa el Half Challenge Barcelona, que enguany \u00e9s Campionat d&#8217;Europa de Triatl\u00f3 de Mitja Dist\u00e0ncia.<\/p>\n<p>Com a representant balear, disputar\u00e0 la prova Carlos L\u00f3pez, que va ser seleccionat per a participar amb la selecci\u00f3 espanyola.<\/p>\n<p>\u00a0<\/p>\n<p>  <!--more-->  <\/p>\n<p>Com a novetat, es podr\u00e0 seguir la prova a trav\u00e9s de televisi\u00f3 via srteaming, a trav\u00e9s de la p\u00e0gina oficial <a href=\"http:\/\/www.challenge-barcelona.es\/\">www.challenge-barcelona.es<\/a> o a la p\u00e0gina web de la televisi\u00f3 <a href=\"http:\/\/www.m1tv.cat\">www.m1tv.cat<\/a><\/p>\n<p>\u00a0<\/p>\n<p>El programa especial donar\u00e0 inici a partir de les 6:45 del mat\u00ed. Un  projecte que mobilitzar\u00e0 a una trentena de persones per tal de poder  donar la m\u00e0xima cobertura possible a la prova. En total una quinzena de  c\u00e0meres seguiran el desenvolupament de la prova, des de diversos punts  de la competici\u00f3.<\/p>\n<p>La retransmissi\u00f3 de la prova es dividir\u00e0 en dues parts. La primera,  que tamb\u00e9 es podr\u00e0 seguir pel canal de la TDT dins la comarca del  Maresme, donar\u00e0 inici a les 06:45 i finalitzar\u00e0 a partir a les 12 del  migdia. A partir d\u2019aleshores, la retransmissi\u00f3 seguir\u00e0 fins a les 16  hores, fixant l\u2019inter\u00e9s en els centenars de finishers que aniran creuant  la l\u00ednia d\u2019arribada. De fet a l\u2019arribada hi haur\u00e0 una c\u00e0mera on els  triatletes podran adre\u00e7ar el seu missatge tot just hagi acabat la  competici\u00f3.<\/p>\n<p>Molta sort al\u00a0 nostre representant.<\/p>\n","protected":false},"excerpt":{"rendered":"<p>Aquest cap de setmana es disputa el Half Challenge Barcelona, que enguany \u00e9s Campionat d&#8217;Europa de Triatl\u00f3 de Mitja Dist\u00e0ncia. Com a representant balear, disputar\u00e0 la prova Carlos L\u00f3pez, que va ser seleccionat per a participar amb la selecci\u00f3 espanyola. \u00a0<\/p>\n","protected":false},"author":1,"featured_media":0,"comment_status":"open","ping_status":"open","sticky":false,"template":"","format":"standard","meta":{"_uag_custom_page_level_css":"","footnotes":""},"categories":[37],"tags":[],"class_list":["post-241","post","type-post","status-publish","format-standard","hentry","category-latest-news"],"uagb_featured_image_src":{"full":false,"thumbnail":false,"medium":false,"medium_large":false,"large":false,"1536x1536":false,"2048x2048":false,"tie-small":false,"tie-large":false,"slider":false},"uagb_author_info":{"display_name":"admin","author_link":"https:\/\/fetrib.com\/web\/author\/admin\/"},"uagb_comment_info":0,"uagb_excerpt":"Aquest cap de setmana es disputa el Half Challenge Barcelona, que enguany \u00e9s Campionat d&#8217;Europa de Triatl\u00f3 de Mitja Dist\u00e0ncia. Com a representant balear, disputar\u00e0 la prova Carlos L\u00f3pez, que va ser seleccionat per a participar amb la selecci\u00f3 espanyola. \u00a0","_links":{"self":[{"href":"https:\/\/fetrib.com\/web\/wp-json\/wp\/v2\/posts\/241","targetHints":{"allow":["GET"]}}],"collection":[{"href":"https:\/\/fetrib.com\/web\/wp-json\/wp\/v2\/posts"}],"about":[{"href":"https:\/\/fetrib.com\/web\/wp-json\/wp\/v2\/types\/post"}],"author":[{"embeddable":true,"href":"https:\/\/fetrib.com\/web\/wp-json\/wp\/v2\/users\/1"}],"replies":[{"embeddable":true,"href":"https:\/\/fetrib.com\/web\/wp-json\/wp\/v2\/comments?post=241"}],"version-history":[{"count":0,"href":"https:\/\/fetrib.com\/web\/wp-json\/wp\/v2\/posts\/241\/revisions"}],"wp:attachment":[{"href":"https:\/\/fetrib.com\/web\/wp-json\/wp\/v2\/media?parent=241"}],"wp:term":[{"taxonomy":"category","embeddable":true,"href":"https:\/\/fetrib.com\/web\/wp-json\/wp\/v2\/categories?post=241"},{"taxonomy":"post_tag","embeddable":true,"href":"https:\/\/fetrib.com\/web\/wp-json\/wp\/v2\/tags?post=241"}],"curies":[{"name":"wp","href":"https:\/\/api.w.org\/{rel}","templated":true}]}}