{"id":242,"date":"2013-05-20T08:26:05","date_gmt":"2013-05-20T08:26:05","guid":{"rendered":"http:\/\/www.fetrib.com\/web2018\/news\/latest-news\/juanan-fernandez-es-proclama-campio-deuropa\/"},"modified":"2013-05-20T08:26:05","modified_gmt":"2013-05-20T08:26:05","slug":"juanan-fernandez-es-proclama-campio-deuropa","status":"publish","type":"post","link":"https:\/\/fetrib.com\/web\/2013\/05\/20\/juanan-fernandez-es-proclama-campio-deuropa\/","title":{"rendered":"Juanan Fern\u00e1ndez es proclama Campi\u00f3 d&#8217;Europa"},"content":{"rendered":"<p style=\"text-align: center;\"><img decoding=\"async\" src=\"images\/stories\/juanan.jpg\" border=\"0\" width=\"75%\" \/><\/p>\n<p>Juan Antonio Fern\u00e1ndez s&#8217;ha proclamat aquest cap de setmana Campi\u00f3 d&#8217;Europa de mitja dist\u00e0ncia.<\/p>\n<p>\u00a0<\/p>\n<p>  <!--more-->  <\/p>\n<p>\u00a0<\/p>\n<p>El Half Challenge Barcelona que es disput\u00e0 el passat diumenge enguany es convertia el Campionat d&#8217;Europa de mitja dist\u00e0ncia.<\/p>\n<p>Juanan Fern\u00e1ndez participava en la categoria de grups d&#8217;edat M35-39, guanyant la prova amb un temps de 4:35:43.<\/p>\n<p>En la mateixa prova particip\u00e0 en categoria \u00e8lit, Carlos Lopez, finalitzant amb una mgn\u00edfica 11 pla\u00e7a, el que va permetre que l&#8217;equip espanyol obtingu\u00e9s la primera pla\u00e7a per equips, juntament a Javier G\u00f3mez i Raul Amatrain<\/p>\n","protected":false},"excerpt":{"rendered":"<p>Juan Antonio Fern\u00e1ndez s&#8217;ha proclamat aquest cap de setmana Campi\u00f3 d&#8217;Europa de mitja dist\u00e0ncia. \u00a0<\/p>\n","protected":false},"author":1,"featured_media":0,"comment_status":"open","ping_status":"open","sticky":false,"template":"","format":"standard","meta":{"_uag_custom_page_level_css":"","footnotes":""},"categories":[37],"tags":[],"class_list":["post-242","post","type-post","status-publish","format-standard","hentry","category-latest-news"],"uagb_featured_image_src":{"full":false,"thumbnail":false,"medium":false,"medium_large":false,"large":false,"1536x1536":false,"2048x2048":false,"tie-small":false,"tie-large":false,"slider":false},"uagb_author_info":{"display_name":"admin","author_link":"https:\/\/fetrib.com\/web\/author\/admin\/"},"uagb_comment_info":0,"uagb_excerpt":"Juan Antonio Fern\u00e1ndez s&#8217;ha proclamat aquest cap de setmana Campi\u00f3 d&#8217;Europa de mitja dist\u00e0ncia. \u00a0","_links":{"self":[{"href":"https:\/\/fetrib.com\/web\/wp-json\/wp\/v2\/posts\/242","targetHints":{"allow":["GET"]}}],"collection":[{"href":"https:\/\/fetrib.com\/web\/wp-json\/wp\/v2\/posts"}],"about":[{"href":"https:\/\/fetrib.com\/web\/wp-json\/wp\/v2\/types\/post"}],"author":[{"embeddable":true,"href":"https:\/\/fetrib.com\/web\/wp-json\/wp\/v2\/users\/1"}],"replies":[{"embeddable":true,"href":"https:\/\/fetrib.com\/web\/wp-json\/wp\/v2\/comments?post=242"}],"version-history":[{"count":0,"href":"https:\/\/fetrib.com\/web\/wp-json\/wp\/v2\/posts\/242\/revisions"}],"wp:attachment":[{"href":"https:\/\/fetrib.com\/web\/wp-json\/wp\/v2\/media?parent=242"}],"wp:term":[{"taxonomy":"category","embeddable":true,"href":"https:\/\/fetrib.com\/web\/wp-json\/wp\/v2\/categories?post=242"},{"taxonomy":"post_tag","embeddable":true,"href":"https:\/\/fetrib.com\/web\/wp-json\/wp\/v2\/tags?post=242"}],"curies":[{"name":"wp","href":"https:\/\/api.w.org\/{rel}","templated":true}]}}