{"id":243,"date":"2013-05-27T08:06:33","date_gmt":"2013-05-27T08:06:33","guid":{"rendered":"http:\/\/www.fetrib.com\/web2018\/uncategorised\/irene-company-campiona-despanya-daquatlo\/"},"modified":"2013-05-27T08:06:33","modified_gmt":"2013-05-27T08:06:33","slug":"irene-company-campiona-despanya-daquatlo","status":"publish","type":"post","link":"https:\/\/fetrib.com\/web\/2013\/05\/27\/irene-company-campiona-despanya-daquatlo\/","title":{"rendered":"Irene Company Campiona d&#8217;Espanya d&#8217;Aquatl\u00f3"},"content":{"rendered":"<p>\u00a0<\/p>\n<p style=\"text-align: center;\"><img decoding=\"async\" src=\"images\/stories\/irene_company.jpg\" border=\"0\" width=\"75%\" \/><\/p>\n<p>Irene Company s&#8217;ha proclamat aquest cap de setmana campiona d&#8217;Espanya d&#8217;Aquatl\u00f3 per grups d&#8217;edat, en una prova que es va disputar a \u00c1guilas, Murcia.<\/p>\n<p>  <!--more-->  Des d&#8217;un primer moment ja es va situar al cap davant de la prova, per tenir controlada la situaci\u00f3 en tot moment.<\/p>\n<p>Amb un gran segment de nataci\u00f3 gr\u00e0cies a un gran ritme i a una bona orientaci\u00f3, aconsegu\u00ed sortir primera amb 30 segons de difer\u00e8ncia a la segona classificada.<\/p>\n<p>El segon segment de carrera es va dedicar a controlar l&#8217;avantatge per tal de proclamar-se campiona d&#8217;espanya.<\/p>\n<p>Un gran plus de motivaci\u00f3 de cara a afrontar el xTerra on participar\u00e0 la setmana que ve<\/p>\n<p>\u00a0<\/p>\n","protected":false},"excerpt":{"rendered":"<p>\u00a0 Irene Company s&#8217;ha proclamat aquest cap de setmana campiona d&#8217;Espanya d&#8217;Aquatl\u00f3 per grups d&#8217;edat, en una prova que es va disputar a \u00c1guilas, Murcia.<\/p>\n","protected":false},"author":1,"featured_media":0,"comment_status":"open","ping_status":"open","sticky":false,"template":"","format":"standard","meta":{"_uag_custom_page_level_css":"","footnotes":""},"categories":[46],"tags":[],"class_list":["post-243","post","type-post","status-publish","format-standard","hentry","category-triatlo"],"uagb_featured_image_src":{"full":false,"thumbnail":false,"medium":false,"medium_large":false,"large":false,"1536x1536":false,"2048x2048":false,"tie-small":false,"tie-large":false,"slider":false},"uagb_author_info":{"display_name":"admin","author_link":"https:\/\/fetrib.com\/web\/author\/admin\/"},"uagb_comment_info":0,"uagb_excerpt":"\u00a0 Irene Company s&#8217;ha proclamat aquest cap de setmana campiona d&#8217;Espanya d&#8217;Aquatl\u00f3 per grups d&#8217;edat, en una prova que es va disputar a \u00c1guilas, Murcia.","_links":{"self":[{"href":"https:\/\/fetrib.com\/web\/wp-json\/wp\/v2\/posts\/243","targetHints":{"allow":["GET"]}}],"collection":[{"href":"https:\/\/fetrib.com\/web\/wp-json\/wp\/v2\/posts"}],"about":[{"href":"https:\/\/fetrib.com\/web\/wp-json\/wp\/v2\/types\/post"}],"author":[{"embeddable":true,"href":"https:\/\/fetrib.com\/web\/wp-json\/wp\/v2\/users\/1"}],"replies":[{"embeddable":true,"href":"https:\/\/fetrib.com\/web\/wp-json\/wp\/v2\/comments?post=243"}],"version-history":[{"count":0,"href":"https:\/\/fetrib.com\/web\/wp-json\/wp\/v2\/posts\/243\/revisions"}],"wp:attachment":[{"href":"https:\/\/fetrib.com\/web\/wp-json\/wp\/v2\/media?parent=243"}],"wp:term":[{"taxonomy":"category","embeddable":true,"href":"https:\/\/fetrib.com\/web\/wp-json\/wp\/v2\/categories?post=243"},{"taxonomy":"post_tag","embeddable":true,"href":"https:\/\/fetrib.com\/web\/wp-json\/wp\/v2\/tags?post=243"}],"curies":[{"name":"wp","href":"https:\/\/api.w.org\/{rel}","templated":true}]}}