{"id":2441,"date":"2019-01-21T16:34:42","date_gmt":"2019-01-21T16:34:42","guid":{"rendered":"http:\/\/fetrib.com\/web\/?p=2441"},"modified":"2019-01-21T16:44:38","modified_gmt":"2019-01-21T16:44:38","slug":"convocatoria-presa-de-temps-2019","status":"publish","type":"post","link":"https:\/\/fetrib.com\/web\/2019\/01\/21\/convocatoria-presa-de-temps-2019\/","title":{"rendered":"Convocat\u00f2ria presa de temps 2019"},"content":{"rendered":"<p align=\"justify\"><span lang=\"ca-ES\">La FETRIB convoca una presa de temps integrada en el Pla Nacional de Tecnificaci\u00f3 de la Federaci\u00f3 Espa\u00f1ola de Triatl\u00f3. <\/span><\/p>\n<p align=\"justify\"><span lang=\"ca-ES\">Lloc: Poliesportiu Pr\u00ednceps d\u2019Espanya de Palma<\/span><\/p>\n<p align=\"justify\"><span lang=\"ca-ES\">Dia: Dissabte 2 de febrer de 2019.<\/span><\/p>\n<p align=\"justify\"><span lang=\"ca-ES\">Convocats: Tots els <\/span><span lang=\"ca-ES\"><strong>esportistes cadets<\/strong><\/span><span lang=\"ca-ES\"> ( 2002, 2003, 2004 ) i <\/span><span lang=\"ca-ES\"><strong>junior<\/strong><\/span><span lang=\"ca-ES\"> ( 2000, 2001 ) en la temporada 2019 aix\u00ed com tots els<\/span><span lang=\"ca-ES\"><strong> paratriatletes<\/strong><\/span><span lang=\"ca-ES\">.<\/span><\/p>\n<p align=\"justify\"><span lang=\"ca-ES\">Tots els esportistes han de estar en possessi\u00f3 de la llic\u00e8ncia Federativa en vigor o tramitar la llic\u00e8ncia per a un dia.<\/span><\/p>\n<p align=\"justify\"><span lang=\"ca-ES\">S\u2019han de realitzar 4 proves, 2 de nataci\u00f3 (100 i 400 m.) i 2 de carrera (1000 i 200 m.)<\/span><\/p>\n<p align=\"justify\"><span lang=\"ca-ES\"><strong>Jornada de mat\u00ed: Nataci\u00f3<\/strong><\/span><span lang=\"ca-ES\">. Convocat\u00f2ria a les 11:00 canviats a la piscina de Pr\u00ednceps d\u2019Espanya.<\/span><\/p>\n<ul>\n<li>\n<p align=\"justify\"><span lang=\"ca-ES\">Cadets i junior: 1\u00aa prova 100 m, descans m\u00ednim de 30\u2019. 2\u00aa prova 400 m.<\/span><\/p>\n<\/li>\n<li>\n<p align=\"justify\"><span lang=\"ca-ES\">Paratriatletes: 500 m<\/span><\/p>\n<\/li>\n<\/ul>\n<p><span lang=\"ca-ES\"><strong>Jornada de tarda: Carrera.<\/strong><\/span><span lang=\"ca-ES\"> Convocat\u00f2ria a les 18:00 canviats a la pista d\u2019atletisme de Pr\u00ednceps d\u2019Espanya<\/span><\/p>\n<ul>\n<li>\n<p align=\"justify\"><span lang=\"ca-ES\">Cadets i junior: 1\u00aa prova 1000 m, descans m\u00ednim 30\u2019. 2\u00aa prova 200 m.<\/span><\/p>\n<\/li>\n<li>\n<p align=\"justify\"><span lang=\"ca-ES\">Paratriatletes: 1000 m<\/span><\/p>\n<\/li>\n<\/ul>\n<p><span lang=\"ca-ES\"><strong>Inscripci\u00f3: <\/strong><\/span><span lang=\"ca-ES\">un representant de cada club enviar\u00e0 el formulari que facilitem emplenat abans del divendres 1 de febrer a secretaria@fetrib.com<\/span><\/p>\n<p align=\"justify\"><span lang=\"ca-ES\">S\u2019adjunten les taules de baremaci\u00f3 dels temps.<\/span><a name=\"_GoBack\"><\/a><\/p>\n<p><a href=\"http:\/\/fetrib.com\/web\/wp-content\/uploads\/2019\/01\/Formulario-inscripcio\u0301n-toma-tiempos-fetrib-2019.xls\">Formulari d&#8217;inscripcio\u0301 2019<\/a><br \/>\n<a href=\"http:\/\/triatlon.org\/triweb\/wp-content\/uploads\/2019\/01\/PNTD-Baremo-WEB-Toma-Tiempos-2019.pdf\">Barems 2019<\/a><\/p>\n<p><img loading=\"lazy\" decoding=\"async\" class=\"aligncenter size-medium wp-image-2443\" src=\"http:\/\/fetrib.com\/web\/wp-content\/uploads\/2019\/01\/presatemps2019-237x300.jpg\" alt=\"\" width=\"237\" height=\"300\" srcset=\"https:\/\/fetrib.com\/web\/wp-content\/uploads\/2019\/01\/presatemps2019-237x300.jpg 237w, https:\/\/fetrib.com\/web\/wp-content\/uploads\/2019\/01\/presatemps2019.jpg 669w\" sizes=\"auto, (max-width: 237px) 100vw, 237px\" \/><\/p>\n","protected":false},"excerpt":{"rendered":"<p>La FETRIB convoca una presa de temps integrada en el Pla Nacional de Tecnificaci\u00f3 de la Federaci\u00f3 Espa\u00f1ola de Triatl\u00f3. Lloc: Poliesportiu Pr\u00ednceps d\u2019Espanya de Palma Dia: Dissabte 2 de febrer de 2019. Convocats: Tots els esportistes cadets ( 2002, 2003, 2004 ) i junior ( 2000, 2001 ) en la temporada 2019 aix\u00ed com &#8230;<\/p>\n","protected":false},"author":1,"featured_media":2443,"comment_status":"closed","ping_status":"open","sticky":false,"template":"","format":"standard","meta":{"_uag_custom_page_level_css":"","footnotes":""},"categories":[1],"tags":[],"class_list":["post-2441","post","type-post","status-publish","format-standard","has-post-thumbnail","hentry","category-general"],"uagb_featured_image_src":{"full":["https:\/\/fetrib.com\/web\/wp-content\/uploads\/2019\/01\/presatemps2019.jpg",669,847,false],"thumbnail":["https:\/\/fetrib.com\/web\/wp-content\/uploads\/2019\/01\/presatemps2019-150x150.jpg",150,150,true],"medium":["https:\/\/fetrib.com\/web\/wp-content\/uploads\/2019\/01\/presatemps2019-237x300.jpg",237,300,true],"medium_large":["https:\/\/fetrib.com\/web\/wp-content\/uploads\/2019\/01\/presatemps2019.jpg",620,785,false],"large":["https:\/\/fetrib.com\/web\/wp-content\/uploads\/2019\/01\/presatemps2019.jpg",620,785,false],"1536x1536":["https:\/\/fetrib.com\/web\/wp-content\/uploads\/2019\/01\/presatemps2019.jpg",669,847,false],"2048x2048":["https:\/\/fetrib.com\/web\/wp-content\/uploads\/2019\/01\/presatemps2019.jpg",669,847,false],"tie-small":["https:\/\/fetrib.com\/web\/wp-content\/uploads\/2019\/01\/presatemps2019-70x70.jpg",70,70,true],"tie-large":["https:\/\/fetrib.com\/web\/wp-content\/uploads\/2019\/01\/presatemps2019-300x160.jpg",300,160,true],"slider":["https:\/\/fetrib.com\/web\/wp-content\/uploads\/2019\/01\/presatemps2019-620x330.jpg",620,330,true]},"uagb_author_info":{"display_name":"admin","author_link":"https:\/\/fetrib.com\/web\/author\/admin\/"},"uagb_comment_info":0,"uagb_excerpt":"La FETRIB convoca una presa de temps integrada en el Pla Nacional de Tecnificaci\u00f3 de la Federaci\u00f3 Espa\u00f1ola de Triatl\u00f3. Lloc: Poliesportiu Pr\u00ednceps d\u2019Espanya de Palma Dia: Dissabte 2 de febrer de 2019. Convocats: Tots els esportistes cadets ( 2002, 2003, 2004 ) i junior ( 2000, 2001 ) en la temporada 2019 aix\u00ed com&hellip;","_links":{"self":[{"href":"https:\/\/fetrib.com\/web\/wp-json\/wp\/v2\/posts\/2441","targetHints":{"allow":["GET"]}}],"collection":[{"href":"https:\/\/fetrib.com\/web\/wp-json\/wp\/v2\/posts"}],"about":[{"href":"https:\/\/fetrib.com\/web\/wp-json\/wp\/v2\/types\/post"}],"author":[{"embeddable":true,"href":"https:\/\/fetrib.com\/web\/wp-json\/wp\/v2\/users\/1"}],"replies":[{"embeddable":true,"href":"https:\/\/fetrib.com\/web\/wp-json\/wp\/v2\/comments?post=2441"}],"version-history":[{"count":4,"href":"https:\/\/fetrib.com\/web\/wp-json\/wp\/v2\/posts\/2441\/revisions"}],"predecessor-version":[{"id":2447,"href":"https:\/\/fetrib.com\/web\/wp-json\/wp\/v2\/posts\/2441\/revisions\/2447"}],"wp:featuredmedia":[{"embeddable":true,"href":"https:\/\/fetrib.com\/web\/wp-json\/wp\/v2\/media\/2443"}],"wp:attachment":[{"href":"https:\/\/fetrib.com\/web\/wp-json\/wp\/v2\/media?parent=2441"}],"wp:term":[{"taxonomy":"category","embeddable":true,"href":"https:\/\/fetrib.com\/web\/wp-json\/wp\/v2\/categories?post=2441"},{"taxonomy":"post_tag","embeddable":true,"href":"https:\/\/fetrib.com\/web\/wp-json\/wp\/v2\/tags?post=2441"}],"curies":[{"name":"wp","href":"https:\/\/api.w.org\/{rel}","templated":true}]}}