{"id":2452,"date":"2019-01-24T10:31:39","date_gmt":"2019-01-24T10:31:39","guid":{"rendered":"http:\/\/fetrib.com\/web\/?p=2452"},"modified":"2019-01-29T10:16:07","modified_gmt":"2019-01-29T10:16:07","slug":"curs-entrenador-de-triatlo-nivell-i","status":"publish","type":"post","link":"https:\/\/fetrib.com\/web\/2019\/01\/24\/curs-entrenador-de-triatlo-nivell-i\/","title":{"rendered":"CURS ENTRENADOR DE TRIATL\u00d3 NIVELL I"},"content":{"rendered":"<p>La Federaci\u00f3 Balear de Triatl\u00f3, a trav\u00e9s del seu Departament de Formaci\u00f3, organitza durant l&#8217;any 2019\/20 el curs oficial d&#8217;Entrenador Nacional de Triatl\u00f3 Nivell I, regulat d&#8217;acord als requisits generals i els efectes de formacions esportives que marca l\u2019Ordre EDU \/ 158\/2014, de 5 de febrer, per la qual es regulen els aspectes curriculars, els requisits generals i els efectes de les activitats de formaci\u00f3 esportiva, als quals es refereix la disposici\u00f3 transit\u00f2ria primera del Reial Decret 1363\/2007, de 24 d&#8217;octubre. La titulaci\u00f3 d&#8217;Entrenador Nacional de Triatl\u00f3 Nivell I est\u00e0 dirigit a aquells t\u00e8cnics que s&#8217;inici\u00efn en l&#8217;ensenyament de la t\u00e8cnica i la t\u00e0ctica d&#8217;aquest esport, aix\u00ed com la de dirigir i programar entrenaments a clubs i escoles, a nivell d&#8217;iniciaci\u00f3 esportiva. La qualitat i experi\u00e8ncia professional dels professors que imparteixen els ensenyaments fan possible un alt grau d&#8217;aprenentatge te\u00f2ric i pr\u00e0ctic.<br \/>\nOferta el curs d\u2019Entrenador de Triatl\u00f3 Nivell-I oficial segons la resoluci\u00f3 del 16 de gener de 2014 del Consell Superior d\u2019Esports.<\/p>\n<p><strong>Data d\u2019inici del curs:<\/strong> 08\/03\/19<\/p>\n<p><strong>Preu<\/strong>: 500\u20ac. Descompte de 50\u20ac als federats FETRIB<\/p>\n<p><strong>Requisits:<\/strong><br \/>\n\u2022 T\u00edtol de Graduat en Educaci\u00f3 Secund\u00e0ria (ESO) o titulaci\u00f3 equivalent a efectes acad\u00e8mics *<br \/>\n* Taula d&#8217;equival\u00e8ncies de la titulaci\u00f3 m\u00ednima exigida:<br \/>\na) El t\u00edtol de Graduat en Educaci\u00f3 Secund\u00e0ria.<br \/>\nb) La superaci\u00f3 de la prova d&#8217;acc\u00e9s substitut\u00f2ria del requisit del t\u00edtol de Graduat en Educaci\u00f3 Secund\u00e0ria Obligat\u00f2ria per a l&#8217;acc\u00e9s als ensenyaments esportius de grau mitj\u00e0.<br \/>\nc) El t\u00edtol de t\u00e8cnic auxiliar.<br \/>\nd) El t\u00edtol de t\u00e8cnic.<br \/>\ne) La superaci\u00f3 del segon curs de Batxillerat Unificat i Polivalent.<br \/>\nf) El t\u00edtol de batxiller superior.<br \/>\ng) La superaci\u00f3 del segon curs del primer cicle experimental de la reforma dels ensenyaments mitjans.<br \/>\nh) La superaci\u00f3 del tercer curs del pla 1963 o del segon curs de comuns experimental dels ensenyaments d&#8217;Arts Aplicades i Oficis Art\u00edstics.<br \/>\ni) El t\u00edtol de Oficial Industrial.<br \/>\nj) La superaci\u00f3 d&#8217;altres estudis que hagin estat declarats equivalents a efectes acad\u00e8mics amb algun dels anteriors.<br \/>\nk) El t\u00edtol de batxiller establert per la Llei Org\u00e0nica 1\/1990, de 3 d&#8217;octubre, d&#8217;ordenaci\u00f3 general del sistema Educatiu.<br \/>\nl) La superaci\u00f3 de la prova d&#8217;acc\u00e9s substitut\u00f2ria del requisit del t\u00edtol de batxiller per a l&#8217;acc\u00e9s als ensenyaments esportius de grau superior.<br \/>\nm) La superaci\u00f3 del segon curs de qualsevol modalitat de batxillerat experimental.<br \/>\nn) El t\u00edtol de t\u00e8cnic especialista o el t\u00edtol de T\u00e8cnic superior.<br \/>\no) El t\u00edtol de Mestratge Industrial.<br \/>\np) El t\u00edtol de batxiller superior amb el Curs d&#8217;Orientaci\u00f3 Universit\u00e0ria (COU) o el preuniversitari.<br \/>\nq) La superaci\u00f3 de la prova d&#8217;acc\u00e9s a la universitat per a majors de vint anys.<br \/>\nr) Qualsevol t\u00edtol universitari, de cicle llarg o de cicle curt) La superaci\u00f3 d&#8217;altres estudis que haguessin estat declarats equivalents als anteriors<\/p>\n<p>\u2022 Certificat de la FETRIB o de la FETRI d\u2019haver finalitzat una prova de la modalitat sprint.<br \/>\nNota: Les copies s\u2019han d\u2019entregar compulsades. Per obtenir el certificat s\u2019ha de sol\u00b7licitar a secretaria@fetrib.com, adjuntant copia de la classificaci\u00f3 corresponent i fotocopia DNI.<\/p>\n<p>els interessats heu d&#8217;enviar el full de preinscripci\u00f3 abans del 15-02-2019<\/p>\n<p>&nbsp;<\/p>\n<p><a href=\"http:\/\/fetrib.com\/web\/wp-content\/uploads\/2019\/01\/Horaris-1.pdf\">Horaris del curs<\/a><\/p>\n<p><a href=\"http:\/\/fetrib.com\/web\/wp-content\/uploads\/2019\/01\/preinscripcio.pdf\">Full de preinscripci\u00f3<\/a><\/p>\n","protected":false},"excerpt":{"rendered":"<p>La Federaci\u00f3 Balear de Triatl\u00f3, a trav\u00e9s del seu Departament de Formaci\u00f3, organitza durant l&#8217;any 2019\/20 el curs oficial d&#8217;Entrenador Nacional de Triatl\u00f3 Nivell I, regulat d&#8217;acord als requisits generals i els efectes de formacions esportives que marca l\u2019Ordre EDU \/ 158\/2014, de 5 de febrer, per la qual es regulen els aspectes curriculars, els &#8230;<\/p>\n","protected":false},"author":1,"featured_media":1732,"comment_status":"closed","ping_status":"open","sticky":false,"template":"","format":"standard","meta":{"_uag_custom_page_level_css":"","footnotes":""},"categories":[1],"tags":[],"class_list":["post-2452","post","type-post","status-publish","format-standard","has-post-thumbnail","hentry","category-general"],"uagb_featured_image_src":{"full":["https:\/\/fetrib.com\/web\/wp-content\/uploads\/2018\/05\/elite.jpg",900,444,false],"thumbnail":["https:\/\/fetrib.com\/web\/wp-content\/uploads\/2018\/05\/elite-150x150.jpg",150,150,true],"medium":["https:\/\/fetrib.com\/web\/wp-content\/uploads\/2018\/05\/elite-300x148.jpg",300,148,true],"medium_large":["https:\/\/fetrib.com\/web\/wp-content\/uploads\/2018\/05\/elite-768x379.jpg",620,306,true],"large":["https:\/\/fetrib.com\/web\/wp-content\/uploads\/2018\/05\/elite.jpg",620,306,false],"1536x1536":["https:\/\/fetrib.com\/web\/wp-content\/uploads\/2018\/05\/elite.jpg",900,444,false],"2048x2048":["https:\/\/fetrib.com\/web\/wp-content\/uploads\/2018\/05\/elite.jpg",900,444,false],"tie-small":["https:\/\/fetrib.com\/web\/wp-content\/uploads\/2018\/05\/elite-70x70.jpg",70,70,true],"tie-large":["https:\/\/fetrib.com\/web\/wp-content\/uploads\/2018\/05\/elite-300x160.jpg",300,160,true],"slider":["https:\/\/fetrib.com\/web\/wp-content\/uploads\/2018\/05\/elite-620x330.jpg",620,330,true]},"uagb_author_info":{"display_name":"admin","author_link":"https:\/\/fetrib.com\/web\/author\/admin\/"},"uagb_comment_info":0,"uagb_excerpt":"La Federaci\u00f3 Balear de Triatl\u00f3, a trav\u00e9s del seu Departament de Formaci\u00f3, organitza durant l&#8217;any 2019\/20 el curs oficial d&#8217;Entrenador Nacional de Triatl\u00f3 Nivell I, regulat d&#8217;acord als requisits generals i els efectes de formacions esportives que marca l\u2019Ordre EDU \/ 158\/2014, de 5 de febrer, per la qual es regulen els aspectes curriculars, els&hellip;","_links":{"self":[{"href":"https:\/\/fetrib.com\/web\/wp-json\/wp\/v2\/posts\/2452","targetHints":{"allow":["GET"]}}],"collection":[{"href":"https:\/\/fetrib.com\/web\/wp-json\/wp\/v2\/posts"}],"about":[{"href":"https:\/\/fetrib.com\/web\/wp-json\/wp\/v2\/types\/post"}],"author":[{"embeddable":true,"href":"https:\/\/fetrib.com\/web\/wp-json\/wp\/v2\/users\/1"}],"replies":[{"embeddable":true,"href":"https:\/\/fetrib.com\/web\/wp-json\/wp\/v2\/comments?post=2452"}],"version-history":[{"count":4,"href":"https:\/\/fetrib.com\/web\/wp-json\/wp\/v2\/posts\/2452\/revisions"}],"predecessor-version":[{"id":2459,"href":"https:\/\/fetrib.com\/web\/wp-json\/wp\/v2\/posts\/2452\/revisions\/2459"}],"wp:featuredmedia":[{"embeddable":true,"href":"https:\/\/fetrib.com\/web\/wp-json\/wp\/v2\/media\/1732"}],"wp:attachment":[{"href":"https:\/\/fetrib.com\/web\/wp-json\/wp\/v2\/media?parent=2452"}],"wp:term":[{"taxonomy":"category","embeddable":true,"href":"https:\/\/fetrib.com\/web\/wp-json\/wp\/v2\/categories?post=2452"},{"taxonomy":"post_tag","embeddable":true,"href":"https:\/\/fetrib.com\/web\/wp-json\/wp\/v2\/tags?post=2452"}],"curies":[{"name":"wp","href":"https:\/\/api.w.org\/{rel}","templated":true}]}}