{"id":246,"date":"2013-05-30T09:02:38","date_gmt":"2013-05-30T09:02:38","guid":{"rendered":"http:\/\/www.fetrib.com\/web2018\/news\/latest-news\/campionat-despanya-de-triatlo-per-autonomies\/"},"modified":"2018-05-21T11:52:13","modified_gmt":"2018-05-21T11:52:13","slug":"campionat-despanya-de-triatlo-per-autonomies","status":"publish","type":"post","link":"https:\/\/fetrib.com\/web\/2013\/05\/30\/campionat-despanya-de-triatlo-per-autonomies\/","title":{"rendered":"Campionat d&#8217;Espanya de Triatl\u00f3 per Autonomies"},"content":{"rendered":"<p class=\"MsoNormal\" style=\"text-align: justify;\"><span style=\"mso-ansi-language: CA;\" lang=\"CA\">La Federaci\u00f3 de Triatl\u00f3 de les Illes Balears despla\u00e7ar\u00e0 el proper 8 i 9 de juny una delegaci\u00f3 a Gij\u00f3n per tal de disputar el Campionat d\u2019Espanya de Triatl\u00f3 per Autonomies.<\/span><\/p>\n<p class=\"MsoNormal\" style=\"text-align: justify;\"><span style=\"mso-ansi-language: CA;\" lang=\"CA\"> <\/span><\/p>\n<p class=\"MsoNormal\" style=\"text-align: justify;\"><span style=\"mso-ansi-language: CA;\" lang=\"CA\">Donada la impossibilitat d\u2019establir uns criteris de selecci\u00f3 per tal d\u2019avaluar l\u2019estat de forma actual dels triatletes a trav\u00e9s d\u2019una prova, ja que la FETRI ha avan\u00e7at la data d\u2019aquest campionat, que normalment es disputava el m\u00e9s de setembre, i al calendari balear no s\u2019ha disputat cap prova dist\u00e0ncia \u201csprint\u201d abans d\u2019aquesta data.<\/span><\/p>\n<p class=\"MsoNormal\" style=\"text-align: justify;\"><span style=\"mso-ansi-language: CA;\" lang=\"CA\"> <\/span><\/p>\n<p class=\"MsoNormal\" style=\"text-align: justify;\"><span style=\"mso-ansi-language: CA;\" lang=\"CA\">Que degut al proc\u00e9s electoral, el canvi de junta directiva i de direcci\u00f3 t\u00e8cnica, i el poc marge de temps, no s\u2019ha pogut realitzar proves complement\u00e0ries que poguessin avaluar l\u2019estat dels triatletes.<\/span><\/p>\n<p class=\"MsoNormal\" style=\"text-align: justify;\"><span style=\"mso-ansi-language: CA;\" lang=\"CA\"> <\/span><\/p>\n<p class=\"MsoNormal\" style=\"text-align: justify;\"><span style=\"mso-ansi-language: CA;\" lang=\"CA\">I havent parlat amb diversos esportistes i consultat la seva disposici\u00f3 i possibilitat d\u2019acudir a la cita.<\/span><\/p>\n<p class=\"MsoNormal\" style=\"text-align: justify;\"><span style=\"mso-ansi-language: CA;\" lang=\"CA\"> <\/span><\/p>\n<p class=\"MsoNormal\" style=\"text-align: justify;\"><span style=\"mso-ansi-language: CA;\" lang=\"CA\">La direcci\u00f3 t\u00e8cnica de la FETRIB ha decidit convocar als seg\u00fcents triatletes per acudir al campionat en representaci\u00f3 de les Illes Balears:<\/span><\/p>\n<p class=\"MsoNormal\"><span style=\"mso-ansi-language: CA;\" lang=\"CA\"> <\/span><\/p>\n<p class=\"MsoNormal\"><span style=\"mso-ansi-language: CA;\" lang=\"CA\">Equip mascul\u00ed<\/span><\/p>\n<p class=\"MsoNormal\"><span style=\"mso-ansi-language: CA;\" lang=\"CA\"> <\/span><\/p>\n<ul style=\"margin-top: 0cm;\" type=\"disc\">\n<li class=\"MsoNormal\" style=\"mso-list: l0 level1 lfo1;\"><span style=\"mso-ansi-language: CA;\" lang=\"CA\">Carlos Lopez<\/span><\/li>\n<li class=\"MsoNormal\" style=\"mso-list: l0 level1 lfo1;\"><span style=\"mso-ansi-language: CA;\" lang=\"CA\">Miguel Angel Fidalgo<\/span><\/li>\n<li class=\"MsoNormal\" style=\"mso-list: l0 level1 lfo1;\"><span style=\"mso-ansi-language: CA;\" lang=\"CA\">Biel Oliver<\/span><\/li>\n<li class=\"MsoNormal\" style=\"mso-list: l0 level1 lfo1;\"><span style=\"mso-ansi-language: CA;\" lang=\"CA\">Andreu Marimon<\/span><\/li>\n<li class=\"MsoNormal\" style=\"mso-list: l0 level1 lfo1;\"><span style=\"mso-ansi-language: CA;\" lang=\"CA\">Lucas Mola<\/span><\/li>\n<li class=\"MsoNormal\" style=\"mso-list: l0 level1 lfo1;\"><span style=\"mso-ansi-language: CA;\" lang=\"CA\">Joan Noguera<\/span><\/li>\n<\/ul>\n<p class=\"MsoNormal\" style=\"margin-left: 36.0pt;\"><span style=\"mso-ansi-language: CA;\" lang=\"CA\"> <\/span><\/p>\n<p class=\"MsoNormal\"><span style=\"mso-ansi-language: CA;\" lang=\"CA\">Equip femen\u00ed<\/span><\/p>\n<ul style=\"margin-top: 0cm;\" type=\"disc\">\n<li class=\"MsoNormal\" style=\"mso-list: l0 level1 lfo1;\"><span style=\"mso-ansi-language: CA;\" lang=\"CA\">Xisca Tous<\/span><\/li>\n<li class=\"MsoNormal\" style=\"mso-list: l0 level1 lfo1;\"><span style=\"mso-ansi-language: CA;\" lang=\"CA\">Irene Company<\/span><\/li>\n<\/ul>\n<p class=\"MsoNormal\"><span style=\"mso-ansi-language: CA;\" lang=\"CA\"> <\/span><\/p>\n<p class=\"MsoNormal\" style=\"text-align: justify;\"><span style=\"mso-ansi-language: CA;\" lang=\"CA\">La junta directiva i la direcci\u00f3 t\u00e8cnica actual no s\u00f3n partidaris d\u2019assistir als Campionats per Autonomies seleccionant els esportistes \u00fanicament a criteri t\u00e8cnic, una situaci\u00f3 que no es contempla repetir en properes edicions, publicant amb suficient antelaci\u00f3 els criteris de selecci\u00f3.<\/span><\/p>\n<p>\u00a0<\/p>\n","protected":false},"excerpt":{"rendered":"<p>La Federaci\u00f3 de Triatl\u00f3 de les Illes Balears despla\u00e7ar\u00e0 el proper 8 i 9 de juny una delegaci\u00f3 a Gij\u00f3n per tal de disputar el Campionat d\u2019Espanya de Triatl\u00f3 per Autonomies. Donada la impossibilitat d\u2019establir uns criteris de selecci\u00f3 per tal d\u2019avaluar l\u2019estat de forma actual dels triatletes a trav\u00e9s d\u2019una prova, ja que la &#8230;<\/p>\n","protected":false},"author":1,"featured_media":0,"comment_status":"open","ping_status":"open","sticky":false,"template":"","format":"standard","meta":{"_uag_custom_page_level_css":"","footnotes":""},"categories":[62,37],"tags":[],"class_list":["post-246","post","type-post","status-publish","format-standard","hentry","category-criteris-seleccio","category-latest-news"],"uagb_featured_image_src":{"full":false,"thumbnail":false,"medium":false,"medium_large":false,"large":false,"1536x1536":false,"2048x2048":false,"tie-small":false,"tie-large":false,"slider":false},"uagb_author_info":{"display_name":"admin","author_link":"https:\/\/fetrib.com\/web\/author\/admin\/"},"uagb_comment_info":0,"uagb_excerpt":"La Federaci\u00f3 de Triatl\u00f3 de les Illes Balears despla\u00e7ar\u00e0 el proper 8 i 9 de juny una delegaci\u00f3 a Gij\u00f3n per tal de disputar el Campionat d\u2019Espanya de Triatl\u00f3 per Autonomies. Donada la impossibilitat d\u2019establir uns criteris de selecci\u00f3 per tal d\u2019avaluar l\u2019estat de forma actual dels triatletes a trav\u00e9s d\u2019una prova, ja que la&hellip;","_links":{"self":[{"href":"https:\/\/fetrib.com\/web\/wp-json\/wp\/v2\/posts\/246","targetHints":{"allow":["GET"]}}],"collection":[{"href":"https:\/\/fetrib.com\/web\/wp-json\/wp\/v2\/posts"}],"about":[{"href":"https:\/\/fetrib.com\/web\/wp-json\/wp\/v2\/types\/post"}],"author":[{"embeddable":true,"href":"https:\/\/fetrib.com\/web\/wp-json\/wp\/v2\/users\/1"}],"replies":[{"embeddable":true,"href":"https:\/\/fetrib.com\/web\/wp-json\/wp\/v2\/comments?post=246"}],"version-history":[{"count":1,"href":"https:\/\/fetrib.com\/web\/wp-json\/wp\/v2\/posts\/246\/revisions"}],"predecessor-version":[{"id":1777,"href":"https:\/\/fetrib.com\/web\/wp-json\/wp\/v2\/posts\/246\/revisions\/1777"}],"wp:attachment":[{"href":"https:\/\/fetrib.com\/web\/wp-json\/wp\/v2\/media?parent=246"}],"wp:term":[{"taxonomy":"category","embeddable":true,"href":"https:\/\/fetrib.com\/web\/wp-json\/wp\/v2\/categories?post=246"},{"taxonomy":"post_tag","embeddable":true,"href":"https:\/\/fetrib.com\/web\/wp-json\/wp\/v2\/tags?post=246"}],"curies":[{"name":"wp","href":"https:\/\/api.w.org\/{rel}","templated":true}]}}