{"id":2464,"date":"2019-02-04T16:25:38","date_gmt":"2019-02-04T16:25:38","guid":{"rendered":"http:\/\/fetrib.com\/web\/?p=2464"},"modified":"2019-02-04T16:25:38","modified_gmt":"2019-02-04T16:25:38","slug":"2464","status":"publish","type":"post","link":"https:\/\/fetrib.com\/web\/2019\/02\/04\/2464\/","title":{"rendered":""},"content":{"rendered":"<p>R\u00e9cord hist\u00f3rico de participaci\u00f3n en el inicio del programa de recaptaci\u00f3n de joven talento.<\/p>\n<p>La temporada 2019 se inicia con la toma de tiempos de car\u00e1cter nacional para cadetes y Juniors tanto masculino como femenino con record hist\u00f3rico de participaci\u00f3n en esta prueba con 36 inscritos.<\/p>\n<p>La jornada dividida en 2 sectores, de nataci\u00f3n, por la ma\u00f1ana y carrera a pie, por la tarde. Todo ello disputado en las instalaciones deportivas de Pr\u00edncipes de Espa\u00f1a en Palma.<\/p>\n<p>Los mejores tiempos en la jornada de piscina fueron para Mar\u00eda Barcel\u00f3, del CN Llucmajor y Luis Marco del Duet-Portitxol en cadetes, con un tiempo de 1&#8217;06\u00bb y 59&#8243;\u00a0 en 100m libres y 5&#8217;19\u00bb y 4&#8217;45\u00bb en 400m libres respectivamente.<\/p>\n<p>En juniors Sof\u00eda Hamad\u00a0del Duet-Portitxol y Rafel Adrover del CN Llucmajor fueron los m\u00e1s r\u00e1pidos con 1&#8217;07\u00bb y 1&#8217;00\u00bb\u00a0 en 100m libres y 5&#8217;12\u00bb y 4&#8217;58\u00bb en 400m libres respectivamente.<\/p>\n<p><img loading=\"lazy\" decoding=\"async\" class=\" wp-image-2465\" src=\"http:\/\/fetrib.com\/web\/wp-content\/uploads\/2019\/02\/IMG_20190203_163929-300x160.jpg\" alt=\"\" width=\"409\" height=\"218\" srcset=\"https:\/\/fetrib.com\/web\/wp-content\/uploads\/2019\/02\/IMG_20190203_163929-300x160.jpg 300w, https:\/\/fetrib.com\/web\/wp-content\/uploads\/2019\/02\/IMG_20190203_163929-768x409.jpg 768w, https:\/\/fetrib.com\/web\/wp-content\/uploads\/2019\/02\/IMG_20190203_163929-1024x545.jpg 1024w, https:\/\/fetrib.com\/web\/wp-content\/uploads\/2019\/02\/IMG_20190203_163929-620x330.jpg 620w\" sizes=\"auto, (max-width: 409px) 100vw, 409px\" \/><\/p>\n<p>La jornada de tarde marc\u00f3 los tiempos en los sectores de carrera a pie donde los mejores fueron.<br \/>\nAl\u00eda Ibensadiken del Xtremcalvi\u00e0 y Sacha Herrera tambi\u00e9n del Xtremcalvi\u00e0 con unos tiempos de 3&#8217;20\u00bb y 2&#8217;50\u00bb en 1 km de carrera y 30&#8243; y 26&#8243; respectivamente en la prueba de 200m.<br \/>\nMientras en Juniors, repet\u00edan Hamad y Adrover como los m\u00e1s r\u00e1pidos con 3&#8217;28\u00bb y 2&#8217;44\u00bb en 1km y 29&#8243; y 26&#8243; respectivamente en los 200metros.<br \/>\nDestacando la implicaci\u00f3n de los clubs colaboradores en esta actividad, Duet-Portitxol, XtremCalvia, Ferrer Hotels, CTPortocolom, Ada Calvi\u00e1 y CN Llucmajor.<\/p>\n","protected":false},"excerpt":{"rendered":"<p>R\u00e9cord hist\u00f3rico de participaci\u00f3n en el inicio del programa de recaptaci\u00f3n de joven talento. La temporada 2019 se inicia con la toma de tiempos de car\u00e1cter nacional para cadetes y Juniors tanto masculino como femenino con record hist\u00f3rico de participaci\u00f3n en esta prueba con 36 inscritos. La jornada dividida en 2 sectores, de nataci\u00f3n, por &#8230;<\/p>\n","protected":false},"author":1,"featured_media":2466,"comment_status":"closed","ping_status":"open","sticky":false,"template":"","format":"standard","meta":{"_uag_custom_page_level_css":"","footnotes":""},"categories":[1],"tags":[],"class_list":["post-2464","post","type-post","status-publish","format-standard","has-post-thumbnail","hentry","category-general"],"uagb_featured_image_src":{"full":["https:\/\/fetrib.com\/web\/wp-content\/uploads\/2019\/02\/IMG_20190203_122720.jpg",1157,532,false],"thumbnail":["https:\/\/fetrib.com\/web\/wp-content\/uploads\/2019\/02\/IMG_20190203_122720-150x150.jpg",150,150,true],"medium":["https:\/\/fetrib.com\/web\/wp-content\/uploads\/2019\/02\/IMG_20190203_122720-300x138.jpg",300,138,true],"medium_large":["https:\/\/fetrib.com\/web\/wp-content\/uploads\/2019\/02\/IMG_20190203_122720-768x353.jpg",620,285,true],"large":["https:\/\/fetrib.com\/web\/wp-content\/uploads\/2019\/02\/IMG_20190203_122720-1024x471.jpg",620,285,true],"1536x1536":["https:\/\/fetrib.com\/web\/wp-content\/uploads\/2019\/02\/IMG_20190203_122720.jpg",1157,532,false],"2048x2048":["https:\/\/fetrib.com\/web\/wp-content\/uploads\/2019\/02\/IMG_20190203_122720.jpg",1157,532,false],"tie-small":["https:\/\/fetrib.com\/web\/wp-content\/uploads\/2019\/02\/IMG_20190203_122720-70x70.jpg",70,70,true],"tie-large":["https:\/\/fetrib.com\/web\/wp-content\/uploads\/2019\/02\/IMG_20190203_122720-300x160.jpg",300,160,true],"slider":["https:\/\/fetrib.com\/web\/wp-content\/uploads\/2019\/02\/IMG_20190203_122720-620x330.jpg",620,330,true]},"uagb_author_info":{"display_name":"admin","author_link":"https:\/\/fetrib.com\/web\/author\/admin\/"},"uagb_comment_info":0,"uagb_excerpt":"R\u00e9cord hist\u00f3rico de participaci\u00f3n en el inicio del programa de recaptaci\u00f3n de joven talento. La temporada 2019 se inicia con la toma de tiempos de car\u00e1cter nacional para cadetes y Juniors tanto masculino como femenino con record hist\u00f3rico de participaci\u00f3n en esta prueba con 36 inscritos. La jornada dividida en 2 sectores, de nataci\u00f3n, por&hellip;","_links":{"self":[{"href":"https:\/\/fetrib.com\/web\/wp-json\/wp\/v2\/posts\/2464","targetHints":{"allow":["GET"]}}],"collection":[{"href":"https:\/\/fetrib.com\/web\/wp-json\/wp\/v2\/posts"}],"about":[{"href":"https:\/\/fetrib.com\/web\/wp-json\/wp\/v2\/types\/post"}],"author":[{"embeddable":true,"href":"https:\/\/fetrib.com\/web\/wp-json\/wp\/v2\/users\/1"}],"replies":[{"embeddable":true,"href":"https:\/\/fetrib.com\/web\/wp-json\/wp\/v2\/comments?post=2464"}],"version-history":[{"count":1,"href":"https:\/\/fetrib.com\/web\/wp-json\/wp\/v2\/posts\/2464\/revisions"}],"predecessor-version":[{"id":2467,"href":"https:\/\/fetrib.com\/web\/wp-json\/wp\/v2\/posts\/2464\/revisions\/2467"}],"wp:featuredmedia":[{"embeddable":true,"href":"https:\/\/fetrib.com\/web\/wp-json\/wp\/v2\/media\/2466"}],"wp:attachment":[{"href":"https:\/\/fetrib.com\/web\/wp-json\/wp\/v2\/media?parent=2464"}],"wp:term":[{"taxonomy":"category","embeddable":true,"href":"https:\/\/fetrib.com\/web\/wp-json\/wp\/v2\/categories?post=2464"},{"taxonomy":"post_tag","embeddable":true,"href":"https:\/\/fetrib.com\/web\/wp-json\/wp\/v2\/tags?post=2464"}],"curies":[{"name":"wp","href":"https:\/\/api.w.org\/{rel}","templated":true}]}}