{"id":247,"date":"2013-05-30T15:00:42","date_gmt":"2013-05-30T15:00:42","guid":{"rendered":"http:\/\/www.fetrib.com\/web2018\/news\/latest-news\/campionat-despanya-escolar-alfaz-del-pi\/"},"modified":"2018-05-21T11:52:13","modified_gmt":"2018-05-21T11:52:13","slug":"campionat-despanya-escolar-alfaz-del-pi","status":"publish","type":"post","link":"https:\/\/fetrib.com\/web\/2013\/05\/30\/campionat-despanya-escolar-alfaz-del-pi\/","title":{"rendered":"Campionat d&#8217;Espanya Escolar Alfaz del Pi"},"content":{"rendered":"<p><span id=\"result_box\" lang=\"ca\"><span class=\"hps\">El proper<\/span> <span class=\"hps\">26<\/span><span>,<\/span> <span class=\"hps\">27<\/span> <span class=\"hps\">i 28 de<\/span> <span class=\"hps\">juny tindr\u00e0 lloc el<\/span> <span class=\"hps\">Campionat<\/span> <span class=\"hps\">d&#8217;Espanya Escolar<\/span> <span class=\"hps\">2013<\/span> <span class=\"hps\">a Alfaz del<\/span> <span class=\"hps\">Pi<\/span><span>.<\/span><br \/><span class=\"hps\">La Federaci\u00f3<\/span> <span class=\"hps\">de<\/span> <span class=\"hps\">Triatl\u00f3<\/span> <span class=\"hps\">de les Illes<\/span> <span class=\"hps\">Balears<\/span> <span class=\"hps\">estar\u00e0 representada<\/span> <span class=\"hps\">en aquesta<\/span> <span class=\"hps\">competici\u00f3<\/span> <span class=\"hps\">amb esportistes<\/span> <span class=\"hps\">de categoria<\/span> <span class=\"hps\">cadet<\/span><span>,<\/span> <span class=\"hps\">que hauran de competir<\/span> <span class=\"hps\">en<\/span> <span class=\"hps\">Aquatl\u00f3<\/span> <span class=\"hps\">i<\/span> <span class=\"hps\">Triatl\u00f3<\/span> <span class=\"hps\">per Relleus<\/span> <span class=\"hps\">en 2 jornades<\/span> <span class=\"hps\">de campionat.<\/span><br \/><span class=\"hps\">Els<\/span> <span class=\"hps\">criteris<\/span> <span class=\"hps\">de la selecci\u00f3<\/span> <span class=\"hps\">auton\u00f2mica de les<\/span> <span class=\"hps\">Illes<\/span> <span class=\"hps\">Balears que<\/span> <span class=\"hps\">s&#8217;estableixen per<\/span> <span class=\"hps\">classificaci\u00f3 per al<\/span> <span class=\"hps\">Campionat d&#8217;Espanya Escolar de Triatl\u00f3 Cadet per CCAA <\/span><span class=\"hps\">s\u00f3n<\/span> <span class=\"hps\">els<\/span> <span class=\"hps\">seg\u00fcents<\/span><span>:<\/span><\/span><\/p>\n<p><span id=\"result_box\" lang=\"ca\"><span> <\/span><span class=\"hps\">\u2022<\/span> <span class=\"hps\">3 primers<\/span> <span class=\"hps\">\/<\/span> <span class=\"hps\">es del<\/span> <span class=\"hps\">Triatl\u00f3 de<\/span> <span class=\"hps\">Pu\u00e7ol<\/span><span>,<\/span> <span class=\"hps\">Cat<\/span> <span class=\"hps\">D Series<\/span> <span class=\"hps\">Nacionals<\/span><br \/><span class=\"hps\">\u2022<\/span> <span class=\"hps\">10 primers<\/span> <span class=\"hps\">\/<\/span> <span class=\"hps\">es del<\/span> <span class=\"hps\">Campionat<\/span><span> <\/span> <span class=\"hps\">d&#8217;Espanya d&#8217;<\/span><span class=\"hps\">Aquatl\u00f3<\/span><span>.<\/span> <span class=\"hps\">\u00c0guiles<\/span> <span class=\"hps\">Cat<\/span> <span class=\"hps\">B<\/span> <span class=\"hps\">S\u00e8ries Nacionals<\/span><br \/><span class=\"hps\">\u2022<\/span> <span class=\"hps\">10 primers<\/span> <span class=\"hps\">\/ es<\/span> <span class=\"hps\">Triatl\u00f3 de<\/span> <span class=\"hps\">Madrid<\/span><span>.<\/span> <span class=\"hps\">Cat<\/span> <span class=\"hps\">B<\/span> <span class=\"hps\">S\u00e8ries Nacionals<\/span><br \/><span class=\"hps\">\u2022<\/span> <span class=\"hps\">2 primers<\/span> <span class=\"hps\">\/ es<\/span> <span class=\"hps\">cadets del<\/span> <span class=\"hps\">Triatl\u00f3<\/span> <span class=\"hps\">Sprint<\/span> <span class=\"hps\">Let &#8216;s<\/span> <span class=\"hps\">Tri<\/span> <span class=\"hps\">Ciutat de Palma (prova escolar de dissabte 8 de juny)<\/span><br \/><span class=\"hps\">\u2022<\/span> <span class=\"hps\">Places<\/span> <span class=\"hps\">restants a<\/span> <span class=\"hps\">criteri t\u00e8cnic<\/span><\/span><\/p>\n<p><span id=\"result_box\" lang=\"ca\"><span class=\"hps\"> <\/span><span class=\"hps\">En cas d&#8217;haver<\/span> <span class=\"hps\">m\u00e9s de 4<\/span> <span class=\"hps\">esportistes<\/span> <span class=\"hps\">compleixin<\/span> <span class=\"hps\">els<\/span> <span class=\"hps\">criteris<\/span><span>,<\/span> <span class=\"hps\">es prendran<\/span> <span class=\"hps\">com a refer\u00e8ncia els<\/span> <span class=\"hps\">resultats<\/span> <span class=\"hps\">de la presa de<\/span> <span class=\"hps\">temps<\/span><span>.<\/span><\/p>\n<p><span class=\"hps\">El Consell i<\/span> <span class=\"hps\">el Govern<\/span> <span class=\"hps\">balear s&#8217;han<\/span> <span class=\"hps\">desvinculat<\/span> <span class=\"hps\">de la subvenci\u00f3<\/span> <span class=\"hps\">per a assistir<\/span> <span class=\"hps\">a proves<\/span> <span class=\"hps\">d&#8217;aquest<\/span> <span class=\"hps\">tipus<\/span><span>.<\/span> <span class=\"hps\">La Federaci\u00f3<\/span> <span class=\"hps\">de<\/span> <span class=\"hps\">Triatl\u00f3<\/span> <span class=\"hps\">de les Illes<\/span> <span class=\"hps\">Balears<\/span> <span class=\"hps\">no vol<\/span> <span class=\"hps\">deixar<\/span> <span class=\"hps\">desemparat<\/span> <span class=\"hps\">l&#8217;esport escolar<\/span> <span class=\"hps\">per\u00f2<\/span> <span class=\"hps\">no pot<\/span> <span class=\"hps\">assumir<\/span> <span class=\"hps\">l&#8217;import total<\/span> <span class=\"hps\">del viatge, per aix\u00f2, <\/span><span class=\"hps\">es va acordar<\/span> <span class=\"hps\">en Junta Directiva<\/span> <span class=\"hps\">que cada esportista<\/span> <span class=\"hps\">haur\u00e0 d&#8217;aportar<\/span> <span class=\"hps\">100 \u20ac.<\/span><\/span><\/p>\n<p>  <!--more-->  <\/p>\n<p><span id=\"result_box\" lang=\"ca\"><span class=\"hps\">La federaci\u00f3<\/span> <span class=\"hps\">s&#8217;encarregar\u00e0<\/span> <span class=\"hps\">de l&#8217;organitzaci\u00f3 i<\/span> <span class=\"hps\">gesti\u00f3 del viatge<\/span><span>.<\/span> <span class=\"hps\">El viatge<\/span> <span class=\"hps\">es realitzar\u00e0<\/span> <span class=\"hps\">en vaixell a<\/span> <span class=\"hps\">D\u00e9nia<\/span><span>,<\/span> i l&#8217;allotjament <span class=\"hps\">ser\u00e0 en<\/span> <span class=\"hps\">els bungalows<\/span> <span class=\"hps\">d&#8217;un<\/span> <span class=\"hps\">Camping<\/span> <span class=\"hps\">molt<\/span> <span class=\"hps\">proper<\/span> <span class=\"hps\">a la sortida<\/span><span>.<\/span><br \/><span class=\"hps\">La sortida<\/span> <span class=\"hps\">des de Palma<\/span> <span class=\"hps\">ser\u00e0<\/span> <span class=\"hps\">el dia 26<\/span> <span class=\"hps\">de juny a<\/span> <span class=\"hps\">les 8:00<\/span> <span class=\"hps\">i la tornada<\/span> <span class=\"hps\">el 29 de juny<\/span><span>,<\/span> <span class=\"hps\">arribant de nou<\/span> <span class=\"hps\">a<\/span> <span class=\"hps\">Palma<\/span> <span class=\"hps\">a les 22:30<\/span><span>.<\/span><br \/><span class=\"hps\">S&#8217;adjunta<\/span> <span class=\"hps\">programa de competici\u00f3<\/span><span>.<\/span><\/span><\/p>\n<table class=\"MsoNormalTable\" style=\"margin-left: 2.75pt; border-collapse: collapse; height: 638px;\" border=\"0\" cellspacing=\"0\" cellpadding=\"0\" width=\"549\">\n<tbody>\n<tr style=\"mso-yfti-irow: 0; mso-yfti-firstrow: yes; height: 15.0pt; mso-row-margin-right: 60.0pt;\">\n<td style=\"width: 309.95pt; padding: 0cm 3.5pt 0cm 3.5pt; height: 15.0pt;\" colspan=\"2\" width=\"310\">\n<p class=\"MsoNormal\" style=\"margin-bottom: .0001pt; line-height: normal;\"><span style=\"font-size: 10.0pt; font-family: &quot;Times New Roman&quot;; mso-fareast-font-family: &quot;Times New Roman&quot;; mso-fareast-language: ES;\" lang=\"ES\">MIERCOLES   26 DE JUNIO<\/span><\/p>\n<\/td>\n<td style=\"mso-cell-special: placeholder; border: none; padding: 0cm 0cm 0cm 0cm;\" width=\"60\">\n<p class=\"MsoNormal\">\u00a0<\/p>\n<\/td>\n<\/tr>\n<tr style=\"mso-yfti-irow: 1; height: 15.0pt;\">\n<td style=\"width: 369.95pt; padding: 0cm 3.5pt 0cm 3.5pt; height: 15.0pt;\" colspan=\"3\" width=\"370\">\n<p class=\"MsoNormal\" style=\"margin-bottom: .0001pt; line-height: normal;\"><span style=\"font-size: 10.0pt; font-family: &quot;Times New Roman&quot;; mso-fareast-font-family: &quot;Times New Roman&quot;; mso-fareast-language: ES;\" lang=\"ES\">16:00 &#8211;   20:00 h. \u2013 Recepci\u00f3n, acreditaci\u00f3n y acomodamiento de las expediciones<\/span><\/p>\n<\/td>\n<\/tr>\n<tr style=\"mso-yfti-irow: 2; height: 15.0pt;\">\n<td style=\"width: 369.95pt; padding: 0cm 3.5pt 0cm 3.5pt; height: 15.0pt;\" colspan=\"3\" width=\"370\">\n<p class=\"MsoNormal\" style=\"margin-bottom: .0001pt; line-height: normal;\"><span style=\"font-size: 10.0pt; font-family: &quot;Times New Roman&quot;; mso-fareast-font-family: &quot;Times New Roman&quot;; mso-fareast-language: ES;\" lang=\"ES\">16:00 &#8211;   20:00 h. \u2013 Secretar\u00eda: entrega de dorsales<\/span><\/p>\n<\/td>\n<\/tr>\n<tr style=\"mso-yfti-irow: 3; height: 15.0pt;\">\n<td style=\"width: 369.95pt; padding: 0cm 3.5pt 0cm 3.5pt; height: 15.0pt;\" colspan=\"3\" width=\"370\">\n<p class=\"MsoNormal\" style=\"margin-bottom: .0001pt; line-height: normal;\"><span style=\"font-size: 10.0pt; font-family: &quot;Times New Roman&quot;; mso-fareast-font-family: &quot;Times New Roman&quot;; mso-fareast-language: ES;\" lang=\"ES\">19:30 h. \u2013   Acto de bienvenida por parte de las Autoridades Locales y Federaci\u00f3n   anfitriona<\/span><\/p>\n<\/td>\n<\/tr>\n<tr style=\"mso-yfti-irow: 4; height: 15.0pt; mso-row-margin-right: 60.0pt;\">\n<td style=\"width: 309.95pt; padding: 0cm 3.5pt 0cm 3.5pt; height: 15.0pt;\" colspan=\"2\" width=\"310\">\n<p class=\"MsoNormal\" style=\"margin-bottom: .0001pt; line-height: normal;\"><span style=\"font-size: 10.0pt; font-family: &quot;Times New Roman&quot;; mso-fareast-font-family: &quot;Times New Roman&quot;; mso-fareast-language: ES;\" lang=\"ES\">20:00 h. \u2013   Reuni\u00f3n T\u00e9cnica<\/span><\/p>\n<\/td>\n<td style=\"mso-cell-special: placeholder; border: none; padding: 0cm 0cm 0cm 0cm;\" width=\"60\">\n<p class=\"MsoNormal\">\u00a0<\/p>\n<\/td>\n<\/tr>\n<tr style=\"mso-yfti-irow: 5; height: 15.0pt; mso-row-margin-right: 60.0pt;\">\n<td style=\"width: 309.95pt; padding: 0cm 3.5pt 0cm 3.5pt; height: 15.0pt;\" colspan=\"2\" width=\"310\">\n<p class=\"MsoNormal\" style=\"margin-bottom: .0001pt; line-height: normal;\"><span style=\"font-size: 10.0pt; font-family: &quot;Times New Roman&quot;; mso-fareast-font-family: &quot;Times New Roman&quot;; mso-fareast-language: ES;\" lang=\"ES\">21:00 h. \u2013   Cena de bienvenida<\/span><\/p>\n<\/td>\n<td style=\"mso-cell-special: placeholder; border: none; padding: 0cm 0cm 0cm 0cm;\" width=\"60\">\n<p class=\"MsoNormal\">\u00a0<\/p>\n<\/td>\n<\/tr>\n<tr style=\"mso-yfti-irow: 6; height: 15.0pt; mso-row-margin-right: 67.3pt;\">\n<td style=\"width: 308.15pt; background: white; padding: 0cm 3.5pt 0cm 3.5pt; height: 15.0pt;\" width=\"308\">\n<p class=\"MsoNormal\" style=\"margin-bottom: .0001pt; line-height: normal;\"><span style=\"font-size: 10.0pt; font-family: &quot;Times New Roman&quot;; mso-fareast-font-family: &quot;Times New Roman&quot;; mso-fareast-language: ES;\" lang=\"ES\">Todas las   actividades tienen lugar en el hotel de la organizaci\u00f3n, Hotel Albir Garden.<\/span><\/p>\n<\/td>\n<td style=\"mso-cell-special: placeholder; border: none; padding: 0cm 0cm 0cm 0cm;\" colspan=\"2\" width=\"67\">\n<p class=\"MsoNormal\">\u00a0<\/p>\n<\/td>\n<\/tr>\n<tr style=\"mso-yfti-irow: 7; height: 15.0pt; mso-row-margin-right: 60.0pt;\">\n<td style=\"width: 309.95pt; padding: 0cm 3.5pt 0cm 3.5pt; height: 15.0pt;\" colspan=\"2\" width=\"310\">\n<p class=\"MsoNormal\" style=\"margin-bottom: .0001pt; line-height: normal;\"><span style=\"font-size: 10.0pt; font-family: &quot;Times New Roman&quot;; mso-fareast-font-family: &quot;Times New Roman&quot;; mso-fareast-language: ES;\" lang=\"ES\">JUEVES 27   DE JUNIO<\/span><\/p>\n<\/td>\n<td style=\"mso-cell-special: placeholder; border: none; padding: 0cm 0cm 0cm 0cm;\" width=\"60\">\n<p class=\"MsoNormal\">\u00a0<\/p>\n<\/td>\n<\/tr>\n<tr style=\"mso-yfti-irow: 8; height: 15.0pt;\">\n<td style=\"width: 369.95pt; padding: 0cm 3.5pt 0cm 3.5pt; height: 15.0pt;\" colspan=\"3\" width=\"370\">\n<p class=\"MsoNormal\" style=\"margin-bottom: .0001pt; line-height: normal;\"><span style=\"font-size: 10.0pt; font-family: &quot;Times New Roman&quot;; mso-fareast-font-family: &quot;Times New Roman&quot;; mso-fareast-language: ES;\" lang=\"ES\">9:00 h. \u2013   Apertura del \u00e1rea de transici\u00f3n. Control de material<\/span><\/p>\n<\/td>\n<\/tr>\n<tr style=\"mso-yfti-irow: 9; height: 15.0pt;\">\n<td style=\"width: 369.95pt; padding: 0cm 3.5pt 0cm 3.5pt; height: 15.0pt;\" colspan=\"3\" width=\"370\">\n<p class=\"MsoNormal\" style=\"margin-bottom: .0001pt; line-height: normal;\"><span style=\"font-size: 10.0pt; font-family: &quot;Times New Roman&quot;; mso-fareast-font-family: &quot;Times New Roman&quot;; mso-fareast-language: ES;\" lang=\"ES\">9:45 h. \u2013   Cierre del control de material<\/span><\/p>\n<\/td>\n<\/tr>\n<tr style=\"mso-yfti-irow: 10; height: 15.0pt;\">\n<td style=\"width: 369.95pt; padding: 0cm 3.5pt 0cm 3.5pt; height: 15.0pt;\" colspan=\"3\" width=\"370\">\n<p class=\"MsoNormal\" style=\"margin-bottom: .0001pt; line-height: normal;\"><span style=\"font-size: 10.0pt; font-family: &quot;Times New Roman&quot;; mso-fareast-font-family: &quot;Times New Roman&quot;; mso-fareast-language: ES;\" lang=\"ES\">9:50 h. \u2013   C\u00e1mara de llamadas Acuatl\u00f3n masculino.<\/span><\/p>\n<\/td>\n<\/tr>\n<tr style=\"mso-yfti-irow: 11; height: 15.0pt;\">\n<td style=\"width: 369.95pt; padding: 0cm 3.5pt 0cm 3.5pt; height: 15.0pt;\" colspan=\"3\" width=\"370\">\n<p class=\"MsoNormal\" style=\"margin-bottom: .0001pt; line-height: normal;\"><span style=\"font-size: 10.0pt; font-family: &quot;Times New Roman&quot;; mso-fareast-font-family: &quot;Times New Roman&quot;; mso-fareast-language: ES;\" lang=\"ES\">10:00 h. \u2013   Inicio de competici\u00f3n Acuatl\u00f3n masculino<\/span><\/p>\n<\/td>\n<\/tr>\n<tr style=\"mso-yfti-irow: 12; height: 15.0pt;\">\n<td style=\"width: 369.95pt; padding: 0cm 3.5pt 0cm 3.5pt; height: 15.0pt;\" colspan=\"3\" width=\"370\">\n<p class=\"MsoNormal\" style=\"margin-bottom: .0001pt; line-height: normal;\"><span style=\"font-size: 10.0pt; font-family: &quot;Times New Roman&quot;; mso-fareast-font-family: &quot;Times New Roman&quot;; mso-fareast-language: ES;\" lang=\"ES\">10:45 h. \u2013   Apertura del \u00e1rea de transici\u00f3n. Control de material<\/span><\/p>\n<\/td>\n<\/tr>\n<tr style=\"mso-yfti-irow: 13; height: 15.0pt;\">\n<td style=\"width: 369.95pt; padding: 0cm 3.5pt 0cm 3.5pt; height: 15.0pt;\" colspan=\"3\" width=\"370\">\n<p class=\"MsoNormal\" style=\"margin-bottom: .0001pt; line-height: normal;\"><span style=\"font-size: 10.0pt; font-family: &quot;Times New Roman&quot;; mso-fareast-font-family: &quot;Times New Roman&quot;; mso-fareast-language: ES;\" lang=\"ES\">11:15 h. \u2013   Cierre del control de material<\/span><\/p>\n<\/td>\n<\/tr>\n<tr style=\"mso-yfti-irow: 14; height: 15.0pt;\">\n<td style=\"width: 369.95pt; padding: 0cm 3.5pt 0cm 3.5pt; height: 15.0pt;\" colspan=\"3\" width=\"370\">\n<p class=\"MsoNormal\" style=\"margin-bottom: .0001pt; line-height: normal;\"><span style=\"font-size: 10.0pt; font-family: &quot;Times New Roman&quot;; mso-fareast-font-family: &quot;Times New Roman&quot;; mso-fareast-language: ES;\" lang=\"ES\">11:20 h. \u2013   C\u00e1mara de llamadas Acuatl\u00f3n femenino<\/span><\/p>\n<\/td>\n<\/tr>\n<tr style=\"mso-yfti-irow: 15; height: 15.0pt;\">\n<td style=\"width: 369.95pt; padding: 0cm 3.5pt 0cm 3.5pt; height: 15.0pt;\" colspan=\"3\" width=\"370\">\n<p class=\"MsoNormal\" style=\"margin-bottom: .0001pt; line-height: normal;\"><span style=\"font-size: 10.0pt; font-family: &quot;Times New Roman&quot;; mso-fareast-font-family: &quot;Times New Roman&quot;; mso-fareast-language: ES;\" lang=\"ES\">11:30 h. \u2013   Inicio de competici\u00f3n Acuatl\u00f3n femenino<\/span><\/p>\n<\/td>\n<\/tr>\n<tr style=\"mso-yfti-irow: 16; height: 15.0pt;\">\n<td style=\"width: 369.95pt; padding: 0cm 3.5pt 0cm 3.5pt; height: 15.0pt;\" colspan=\"3\" width=\"370\">\n<p class=\"MsoNormal\" style=\"margin-bottom: .0001pt; line-height: normal;\"><span style=\"font-size: 10.0pt; font-family: &quot;Times New Roman&quot;; mso-fareast-font-family: &quot;Times New Roman&quot;; mso-fareast-language: ES;\" lang=\"ES\">12:30 h. \u2013   Ceremonia de Entrega de premios Acuatl\u00f3n<\/span><\/p>\n<\/td>\n<\/tr>\n<tr style=\"mso-yfti-irow: 17; height: 15.0pt; mso-row-margin-right: 60.0pt;\">\n<td style=\"width: 309.95pt; padding: 0cm 3.5pt 0cm 3.5pt; height: 15.0pt;\" colspan=\"2\" width=\"310\">\n<p class=\"MsoNormal\" style=\"margin-bottom: .0001pt; line-height: normal;\"><span style=\"font-size: 10.0pt; font-family: &quot;Times New Roman&quot;; mso-fareast-font-family: &quot;Times New Roman&quot;; mso-fareast-language: ES;\" lang=\"ES\">14:30 h. \u2013   Comida<\/span><\/p>\n<\/td>\n<td style=\"mso-cell-special: placeholder; border: none; padding: 0cm 0cm 0cm 0cm;\" width=\"60\">\n<p class=\"MsoNormal\">\u00a0<\/p>\n<\/td>\n<\/tr>\n<tr style=\"mso-yfti-irow: 18; height: 15.0pt;\">\n<td style=\"width: 369.95pt; padding: 0cm 3.5pt 0cm 3.5pt; height: 15.0pt;\" colspan=\"3\" width=\"370\">\n<p class=\"MsoNormal\" style=\"margin-bottom: .0001pt; line-height: normal;\"><span style=\"font-size: 10.0pt; font-family: &quot;Times New Roman&quot;; mso-fareast-font-family: &quot;Times New Roman&quot;; mso-fareast-language: ES;\" lang=\"ES\">17:00 h. \u2013   Actividad Formativa por determinar<\/span><\/p>\n<\/td>\n<\/tr>\n<tr style=\"mso-yfti-irow: 19; height: 15.0pt; mso-row-margin-right: 67.3pt;\">\n<td style=\"width: 308.15pt; background: white; padding: 0cm 3.5pt 0cm 3.5pt; height: 15.0pt;\" width=\"308\">\n<p class=\"MsoNormal\" style=\"margin-bottom: .0001pt; line-height: normal;\"><span style=\"font-size: 10.0pt; font-family: &quot;Times New Roman&quot;; mso-fareast-font-family: &quot;Times New Roman&quot;; mso-fareast-language: ES;\" lang=\"ES\">21:00 h. \u2013   Cena<\/span><\/p>\n<\/td>\n<td style=\"mso-cell-special: placeholder; border: none; padding: 0cm 0cm 0cm 0cm;\" colspan=\"2\" width=\"67\">\n<p class=\"MsoNormal\">\u00a0<\/p>\n<\/td>\n<\/tr>\n<tr style=\"mso-yfti-irow: 20; height: 15.0pt; mso-row-margin-right: 60.0pt;\">\n<td style=\"width: 309.95pt; padding: 0cm 3.5pt 0cm 3.5pt; height: 15.0pt;\" colspan=\"2\" width=\"310\">\n<p class=\"MsoNormal\" style=\"margin-bottom: .0001pt; line-height: normal;\"><span style=\"font-size: 10.0pt; font-family: &quot;Times New Roman&quot;; mso-fareast-font-family: &quot;Times New Roman&quot;; mso-fareast-language: ES;\" lang=\"ES\">VIERNES 28   DE JUNIO<\/span><\/p>\n<\/td>\n<td style=\"mso-cell-special: placeholder; border: none; padding: 0cm 0cm 0cm 0cm;\" width=\"60\">\n<p class=\"MsoNormal\">\u00a0<\/p>\n<\/td>\n<\/tr>\n<tr style=\"mso-yfti-irow: 21; height: 15.0pt;\">\n<td style=\"width: 369.95pt; padding: 0cm 3.5pt 0cm 3.5pt; height: 15.0pt;\" colspan=\"3\" width=\"370\">\n<p class=\"MsoNormal\" style=\"margin-bottom: .0001pt; line-height: normal;\"><span style=\"font-size: 10.0pt; font-family: &quot;Times New Roman&quot;; mso-fareast-font-family: &quot;Times New Roman&quot;; mso-fareast-language: ES;\" lang=\"ES\">9:00 h. \u2013   Apertura del \u00e1rea de transici\u00f3n. Control de material masculino<\/span><\/p>\n<\/td>\n<\/tr>\n<tr style=\"mso-yfti-irow: 22; height: 15.0pt;\">\n<td style=\"width: 369.95pt; padding: 0cm 3.5pt 0cm 3.5pt; height: 15.0pt;\" colspan=\"3\" width=\"370\">\n<p class=\"MsoNormal\" style=\"margin-bottom: .0001pt; line-height: normal;\"><span style=\"font-size: 10.0pt; font-family: &quot;Times New Roman&quot;; mso-fareast-font-family: &quot;Times New Roman&quot;; mso-fareast-language: ES;\" lang=\"ES\">9:45 h. \u2013   Cierre del control de material<\/span><\/p>\n<\/td>\n<\/tr>\n<tr style=\"mso-yfti-irow: 23; height: 15.0pt;\">\n<td style=\"width: 369.95pt; padding: 0cm 3.5pt 0cm 3.5pt; height: 15.0pt;\" colspan=\"3\" width=\"370\">\n<p class=\"MsoNormal\" style=\"margin-bottom: .0001pt; line-height: normal;\"><span style=\"font-size: 10.0pt; font-family: &quot;Times New Roman&quot;; mso-fareast-font-family: &quot;Times New Roman&quot;; mso-fareast-language: ES;\" lang=\"ES\">9:50 h. \u2013   C\u00e1mara de llamadas Triatl\u00f3n de Relevos masculinos<\/span><\/p>\n<\/td>\n<\/tr>\n<tr style=\"mso-yfti-irow: 24; height: 15.0pt;\">\n<td style=\"width: 369.95pt; padding: 0cm 3.5pt 0cm 3.5pt; height: 15.0pt;\" colspan=\"3\" width=\"370\">\n<p class=\"MsoNormal\" style=\"margin-bottom: .0001pt; line-height: normal;\"><span style=\"font-size: 10.0pt; font-family: &quot;Times New Roman&quot;; mso-fareast-font-family: &quot;Times New Roman&quot;; mso-fareast-language: ES;\" lang=\"ES\">10:00 h. \u2013   Inicio de competici\u00f3n de Triatl\u00f3n de Relevos masculinos<\/span><\/p>\n<\/td>\n<\/tr>\n<tr style=\"mso-yfti-irow: 25; height: 15.0pt;\">\n<td style=\"width: 369.95pt; padding: 0cm 3.5pt 0cm 3.5pt; height: 15.0pt;\" colspan=\"3\" width=\"370\">\n<p class=\"MsoNormal\" style=\"margin-bottom: .0001pt; line-height: normal;\"><span style=\"font-size: 10.0pt; font-family: &quot;Times New Roman&quot;; mso-fareast-font-family: &quot;Times New Roman&quot;; mso-fareast-language: ES;\" lang=\"ES\">11:00 h. \u2013   Apertura del \u00e1rea de transici\u00f3n. Control de material femenino<\/span><\/p>\n<\/td>\n<\/tr>\n<tr style=\"mso-yfti-irow: 26; height: 15.0pt;\">\n<td style=\"width: 369.95pt; padding: 0cm 3.5pt 0cm 3.5pt; height: 15.0pt;\" colspan=\"3\" width=\"370\">\n<p class=\"MsoNormal\" style=\"margin-bottom: .0001pt; line-height: normal;\"><span style=\"font-size: 10.0pt; font-family: &quot;Times New Roman&quot;; mso-fareast-font-family: &quot;Times New Roman&quot;; mso-fareast-language: ES;\" lang=\"ES\">11:45 h. \u2013   Cierre del control de material<\/span><\/p>\n<\/td>\n<\/tr>\n<tr style=\"mso-yfti-irow: 27; height: 15.0pt;\">\n<td style=\"width: 369.95pt; padding: 0cm 3.5pt 0cm 3.5pt; height: 15.0pt;\" colspan=\"3\" width=\"370\">\n<p class=\"MsoNormal\" style=\"margin-bottom: .0001pt; line-height: normal;\"><span style=\"font-size: 10.0pt; font-family: &quot;Times New Roman&quot;; mso-fareast-font-family: &quot;Times New Roman&quot;; mso-fareast-language: ES;\" lang=\"ES\">11:50 h. \u2013   C\u00e1mara de llamadas Triatl\u00f3n de Relevos femeninos<\/span><\/p>\n<\/td>\n<\/tr>\n<tr style=\"mso-yfti-irow: 28; height: 15.0pt;\">\n<td style=\"width: 369.95pt; padding: 0cm 3.5pt 0cm 3.5pt; height: 15.0pt;\" colspan=\"3\" width=\"370\">\n<p class=\"MsoNormal\" style=\"margin-bottom: .0001pt; line-height: normal;\"><span style=\"font-size: 10.0pt; font-family: &quot;Times New Roman&quot;; mso-fareast-font-family: &quot;Times New Roman&quot;; mso-fareast-language: ES;\" lang=\"ES\">12:00 h. \u2013   Inicio de competici\u00f3n de Triatl\u00f3n de Relevos femeninos<\/span><\/p>\n<\/td>\n<\/tr>\n<tr style=\"mso-yfti-irow: 29; mso-yfti-lastrow: yes; height: 15.0pt; mso-row-margin-right: 67.3pt;\">\n<td style=\"width: 308.15pt; background: white; padding: 0cm 3.5pt 0cm 3.5pt; height: 15.0pt;\" width=\"308\">\n<p class=\"MsoNormal\" style=\"margin-bottom: .0001pt; line-height: normal;\"><span style=\"font-size: 10.0pt; font-family: &quot;Times New Roman&quot;; mso-fareast-font-family: &quot;Times New Roman&quot;; mso-fareast-language: ES;\" lang=\"ES\">14:00 h. \u2013   Ceremonia de Entrega de trofeos Triatl\u00f3n de Relevos y acto de clausura<\/span><\/p>\n<\/td>\n<\/tr>\n<\/tbody>\n<\/table>\n<p><span lang=\"ca\"><span><br \/><\/span><\/span><\/p>\n","protected":false},"excerpt":{"rendered":"<p>El proper 26, 27 i 28 de juny tindr\u00e0 lloc el Campionat d&#8217;Espanya Escolar 2013 a Alfaz del Pi.La Federaci\u00f3 de Triatl\u00f3 de les Illes Balears estar\u00e0 representada en aquesta competici\u00f3 amb esportistes de categoria cadet, que hauran de competir en Aquatl\u00f3 i Triatl\u00f3 per Relleus en 2 jornades de campionat.Els criteris de la selecci\u00f3 &#8230;<\/p>\n","protected":false},"author":1,"featured_media":0,"comment_status":"open","ping_status":"open","sticky":false,"template":"","format":"standard","meta":{"_uag_custom_page_level_css":"","footnotes":""},"categories":[62,37],"tags":[],"class_list":["post-247","post","type-post","status-publish","format-standard","hentry","category-criteris-seleccio","category-latest-news"],"uagb_featured_image_src":{"full":false,"thumbnail":false,"medium":false,"medium_large":false,"large":false,"1536x1536":false,"2048x2048":false,"tie-small":false,"tie-large":false,"slider":false},"uagb_author_info":{"display_name":"admin","author_link":"https:\/\/fetrib.com\/web\/author\/admin\/"},"uagb_comment_info":0,"uagb_excerpt":"El proper 26, 27 i 28 de juny tindr\u00e0 lloc el Campionat d&#8217;Espanya Escolar 2013 a Alfaz del Pi.La Federaci\u00f3 de Triatl\u00f3 de les Illes Balears estar\u00e0 representada en aquesta competici\u00f3 amb esportistes de categoria cadet, que hauran de competir en Aquatl\u00f3 i Triatl\u00f3 per Relleus en 2 jornades de campionat.Els criteris de la selecci\u00f3&hellip;","_links":{"self":[{"href":"https:\/\/fetrib.com\/web\/wp-json\/wp\/v2\/posts\/247","targetHints":{"allow":["GET"]}}],"collection":[{"href":"https:\/\/fetrib.com\/web\/wp-json\/wp\/v2\/posts"}],"about":[{"href":"https:\/\/fetrib.com\/web\/wp-json\/wp\/v2\/types\/post"}],"author":[{"embeddable":true,"href":"https:\/\/fetrib.com\/web\/wp-json\/wp\/v2\/users\/1"}],"replies":[{"embeddable":true,"href":"https:\/\/fetrib.com\/web\/wp-json\/wp\/v2\/comments?post=247"}],"version-history":[{"count":1,"href":"https:\/\/fetrib.com\/web\/wp-json\/wp\/v2\/posts\/247\/revisions"}],"predecessor-version":[{"id":1776,"href":"https:\/\/fetrib.com\/web\/wp-json\/wp\/v2\/posts\/247\/revisions\/1776"}],"wp:attachment":[{"href":"https:\/\/fetrib.com\/web\/wp-json\/wp\/v2\/media?parent=247"}],"wp:term":[{"taxonomy":"category","embeddable":true,"href":"https:\/\/fetrib.com\/web\/wp-json\/wp\/v2\/categories?post=247"},{"taxonomy":"post_tag","embeddable":true,"href":"https:\/\/fetrib.com\/web\/wp-json\/wp\/v2\/tags?post=247"}],"curies":[{"name":"wp","href":"https:\/\/api.w.org\/{rel}","templated":true}]}}