{"id":2475,"date":"2019-02-13T15:24:55","date_gmt":"2019-02-13T15:24:55","guid":{"rendered":"http:\/\/fetrib.com\/web\/?p=2475"},"modified":"2019-02-13T15:29:45","modified_gmt":"2019-02-13T15:29:45","slug":"campionats-de-balears-2019","status":"publish","type":"post","link":"https:\/\/fetrib.com\/web\/2019\/02\/13\/campionats-de-balears-2019\/","title":{"rendered":"Campionats de Balears 2019"},"content":{"rendered":"<p>Aquests s\u00f3n els Campionats de Balears que se celebraran aquesta temporada.<\/p>\n<p>&#8211; Ct Balears Triatl\u00f3 Sprint &#8211; 19-05-2019 Triatl\u00f3 FETRIB\u00a0 (Mallorca) Totes les categories<\/p>\n<p>&#8211; Ct Balears Duatl\u00f3 Sprint &#8211; 24-03-2019 Duatl\u00f3 Paguera (Mallorca) Totes les categories<\/p>\n<p>&#8211; Ct Balears Aquatl\u00f3 &#8211; 25-05-2019 (Menorca) Absolut i clubs.<\/p>\n<p>&#8211; Ct Balears Duatl\u00f3 Llarg\u00a0 &#8211; 23-02-2019 Powerman\u00a0 (Mallorca) Absolut i clubs<\/p>\n<p>&#8211; Ct Balears Triatlo Ol\u00edmpic &#8211; 05-05-2019 Triatl\u00f3n Evimotor Ses Salines (Eivissa) Absolut i clubs<\/p>\n<p>&#8211; Ct Balears Triatlo MD &#8211; 02-06-2019 Totaltrimallorca (Mallorca) Absolut i clubs<\/p>\n<p>&#8211; Ct Balears Duatl\u00f3 Cross &#8211;\u00a0 13-10-2019 Duatl\u00f3 Cross FETRIB (Mallorca) Absolut i clubs<\/p>\n<p>&#8211; Ct Balears Triatl\u00f3 Cross &#8211; 18-08-2019 Cala Bassa (Eivissa) Absolut i clubs<\/p>\n<p>Els t\u00edtols de Campionats de Balears es disputaran en aquestes proves, baix la condici\u00f3 de que siguin confirmades.<\/p>\n<p>La Fetrib podr\u00e0 substituir el seu empla\u00e7ament en cas de cancelaci\u00f3 o incumpliment de la normativa actual.<\/p>\n","protected":false},"excerpt":{"rendered":"<p>Aquests s\u00f3n els Campionats de Balears que se celebraran aquesta temporada. &#8211; Ct Balears Triatl\u00f3 Sprint &#8211; 19-05-2019 Triatl\u00f3 FETRIB\u00a0 (Mallorca) Totes les categories &#8211; Ct Balears Duatl\u00f3 Sprint &#8211; 24-03-2019 Duatl\u00f3 Paguera (Mallorca) Totes les categories &#8211; Ct Balears Aquatl\u00f3 &#8211; 25-05-2019 (Menorca) Absolut i clubs. &#8211; Ct Balears Duatl\u00f3 Llarg\u00a0 &#8211; 23-02-2019 Powerman\u00a0 &#8230;<\/p>\n","protected":false},"author":1,"featured_media":1682,"comment_status":"closed","ping_status":"open","sticky":false,"template":"","format":"standard","meta":{"_uag_custom_page_level_css":"","footnotes":""},"categories":[1],"tags":[],"class_list":["post-2475","post","type-post","status-publish","format-standard","has-post-thumbnail","hentry","category-general"],"uagb_featured_image_src":{"full":["https:\/\/fetrib.com\/web\/wp-content\/uploads\/2018\/03\/fetrib_logo_2018_naranja.png",320,252,false],"thumbnail":["https:\/\/fetrib.com\/web\/wp-content\/uploads\/2018\/03\/fetrib_logo_2018_naranja-150x150.png",150,150,true],"medium":["https:\/\/fetrib.com\/web\/wp-content\/uploads\/2018\/03\/fetrib_logo_2018_naranja-300x236.png",300,236,true],"medium_large":["https:\/\/fetrib.com\/web\/wp-content\/uploads\/2018\/03\/fetrib_logo_2018_naranja.png",320,252,false],"large":["https:\/\/fetrib.com\/web\/wp-content\/uploads\/2018\/03\/fetrib_logo_2018_naranja.png",320,252,false],"1536x1536":["https:\/\/fetrib.com\/web\/wp-content\/uploads\/2018\/03\/fetrib_logo_2018_naranja.png",320,252,false],"2048x2048":["https:\/\/fetrib.com\/web\/wp-content\/uploads\/2018\/03\/fetrib_logo_2018_naranja.png",320,252,false],"tie-small":["https:\/\/fetrib.com\/web\/wp-content\/uploads\/2018\/03\/fetrib_logo_2018_naranja-70x70.png",70,70,true],"tie-large":["https:\/\/fetrib.com\/web\/wp-content\/uploads\/2018\/03\/fetrib_logo_2018_naranja-300x160.png",300,160,true],"slider":["https:\/\/fetrib.com\/web\/wp-content\/uploads\/2018\/03\/fetrib_logo_2018_naranja.png",320,252,false]},"uagb_author_info":{"display_name":"admin","author_link":"https:\/\/fetrib.com\/web\/author\/admin\/"},"uagb_comment_info":0,"uagb_excerpt":"Aquests s\u00f3n els Campionats de Balears que se celebraran aquesta temporada. &#8211; Ct Balears Triatl\u00f3 Sprint &#8211; 19-05-2019 Triatl\u00f3 FETRIB\u00a0 (Mallorca) Totes les categories &#8211; Ct Balears Duatl\u00f3 Sprint &#8211; 24-03-2019 Duatl\u00f3 Paguera (Mallorca) Totes les categories &#8211; Ct Balears Aquatl\u00f3 &#8211; 25-05-2019 (Menorca) Absolut i clubs. &#8211; Ct Balears Duatl\u00f3 Llarg\u00a0 &#8211; 23-02-2019 Powerman\u00a0&hellip;","_links":{"self":[{"href":"https:\/\/fetrib.com\/web\/wp-json\/wp\/v2\/posts\/2475","targetHints":{"allow":["GET"]}}],"collection":[{"href":"https:\/\/fetrib.com\/web\/wp-json\/wp\/v2\/posts"}],"about":[{"href":"https:\/\/fetrib.com\/web\/wp-json\/wp\/v2\/types\/post"}],"author":[{"embeddable":true,"href":"https:\/\/fetrib.com\/web\/wp-json\/wp\/v2\/users\/1"}],"replies":[{"embeddable":true,"href":"https:\/\/fetrib.com\/web\/wp-json\/wp\/v2\/comments?post=2475"}],"version-history":[{"count":3,"href":"https:\/\/fetrib.com\/web\/wp-json\/wp\/v2\/posts\/2475\/revisions"}],"predecessor-version":[{"id":2478,"href":"https:\/\/fetrib.com\/web\/wp-json\/wp\/v2\/posts\/2475\/revisions\/2478"}],"wp:featuredmedia":[{"embeddable":true,"href":"https:\/\/fetrib.com\/web\/wp-json\/wp\/v2\/media\/1682"}],"wp:attachment":[{"href":"https:\/\/fetrib.com\/web\/wp-json\/wp\/v2\/media?parent=2475"}],"wp:term":[{"taxonomy":"category","embeddable":true,"href":"https:\/\/fetrib.com\/web\/wp-json\/wp\/v2\/categories?post=2475"},{"taxonomy":"post_tag","embeddable":true,"href":"https:\/\/fetrib.com\/web\/wp-json\/wp\/v2\/tags?post=2475"}],"curies":[{"name":"wp","href":"https:\/\/api.w.org\/{rel}","templated":true}]}}