{"id":249,"date":"2013-06-03T11:02:31","date_gmt":"2013-06-03T11:02:31","guid":{"rendered":"http:\/\/www.fetrib.com\/web2018\/uncategorised\/normativa-per-al-campionat-de-mallorca-de-triatlo\/"},"modified":"2013-06-03T11:02:31","modified_gmt":"2013-06-03T11:02:31","slug":"normativa-per-al-campionat-de-mallorca-de-triatlo","status":"publish","type":"post","link":"https:\/\/fetrib.com\/web\/2013\/06\/03\/normativa-per-al-campionat-de-mallorca-de-triatlo\/","title":{"rendered":"Normativa per al Campionat de Mallorca de Triatl\u00f3"},"content":{"rendered":"<p>Normativa que estableix la Federaci\u00f3 Espanyola de Triatl\u00f3 referent a  les categories base, que regir\u00e0 el proper Campionat de Mallorca de Triatl\u00f3.<\/p>\n<p> Com aquesta prova servir\u00e0 de criteri de selecci\u00f3 per als cadets que  aniran al campionat d&#8217;espanya escolar, els jutges de la prova revisaran  de manera exhaustiva que tots els participants d&#8217;aquesta categoria  compleixin la normativa.<\/p>\n","protected":false},"excerpt":{"rendered":"<p>Normativa que estableix la Federaci\u00f3 Espanyola de Triatl\u00f3 referent a les categories base, que regir\u00e0 el proper Campionat de Mallorca de Triatl\u00f3. Com aquesta prova servir\u00e0 de criteri de selecci\u00f3 per als cadets que aniran al campionat d&#8217;espanya escolar, els jutges de la prova revisaran de manera exhaustiva que tots els participants d&#8217;aquesta categoria compleixin &#8230;<\/p>\n","protected":false},"author":1,"featured_media":0,"comment_status":"open","ping_status":"open","sticky":false,"template":"","format":"standard","meta":{"_uag_custom_page_level_css":"","footnotes":""},"categories":[46],"tags":[],"class_list":["post-249","post","type-post","status-publish","format-standard","hentry","category-triatlo"],"uagb_featured_image_src":{"full":false,"thumbnail":false,"medium":false,"medium_large":false,"large":false,"1536x1536":false,"2048x2048":false,"tie-small":false,"tie-large":false,"slider":false},"uagb_author_info":{"display_name":"admin","author_link":"https:\/\/fetrib.com\/web\/author\/admin\/"},"uagb_comment_info":0,"uagb_excerpt":"Normativa que estableix la Federaci\u00f3 Espanyola de Triatl\u00f3 referent a les categories base, que regir\u00e0 el proper Campionat de Mallorca de Triatl\u00f3. Com aquesta prova servir\u00e0 de criteri de selecci\u00f3 per als cadets que aniran al campionat d&#8217;espanya escolar, els jutges de la prova revisaran de manera exhaustiva que tots els participants d&#8217;aquesta categoria compleixin&hellip;","_links":{"self":[{"href":"https:\/\/fetrib.com\/web\/wp-json\/wp\/v2\/posts\/249","targetHints":{"allow":["GET"]}}],"collection":[{"href":"https:\/\/fetrib.com\/web\/wp-json\/wp\/v2\/posts"}],"about":[{"href":"https:\/\/fetrib.com\/web\/wp-json\/wp\/v2\/types\/post"}],"author":[{"embeddable":true,"href":"https:\/\/fetrib.com\/web\/wp-json\/wp\/v2\/users\/1"}],"replies":[{"embeddable":true,"href":"https:\/\/fetrib.com\/web\/wp-json\/wp\/v2\/comments?post=249"}],"version-history":[{"count":0,"href":"https:\/\/fetrib.com\/web\/wp-json\/wp\/v2\/posts\/249\/revisions"}],"wp:attachment":[{"href":"https:\/\/fetrib.com\/web\/wp-json\/wp\/v2\/media?parent=249"}],"wp:term":[{"taxonomy":"category","embeddable":true,"href":"https:\/\/fetrib.com\/web\/wp-json\/wp\/v2\/categories?post=249"},{"taxonomy":"post_tag","embeddable":true,"href":"https:\/\/fetrib.com\/web\/wp-json\/wp\/v2\/tags?post=249"}],"curies":[{"name":"wp","href":"https:\/\/api.w.org\/{rel}","templated":true}]}}