{"id":250,"date":"2013-06-04T07:27:05","date_gmt":"2013-06-04T07:27:05","guid":{"rendered":"http:\/\/www.fetrib.com\/web2018\/comite-tecnico\/neopreno\/"},"modified":"2013-06-04T07:27:05","modified_gmt":"2013-06-04T07:27:05","slug":"neopreno","status":"publish","type":"post","link":"https:\/\/fetrib.com\/web\/2013\/06\/04\/neopreno\/","title":{"rendered":"Neopreno, \u00bfopcional?\u00bfobligatorio?"},"content":{"rendered":"<p><span style=\"line-height: 1.3em;\">Cada a\u00f1o por estas fechas con la llegada del triatl\u00f3n de Palma surgen las dudas acerca de si el neopreno ser\u00e1 obligatorio, opcional o no estar\u00e1 permitido. Para aquellos triatlones que se rigen por la normativa de la federaci\u00f3n, la respuesta a esta pregunta es muy clara ya que viene especificado en el reglamento.<\/span><\/p>\n<p style=\"text-align: center;\"><span style=\"line-height: 1.3em;\"><img decoding=\"async\" src=\"images\/stories\/474795_608760712477194_362018183_o.jpg\" border=\"0\" width=\"75%\" \/><br \/><\/span><\/p>\n<p><span style=\"line-height: 1.3em;\"> Concretamente la norma dice: (<\/span><span style=\"line-height: 1.3em;\">Extra\u00eddo del reglamento de competiciones, adjunto a este articulo)<\/span><\/p>\n<p><span style=\"line-height: 1.3em;\">\u00ab<\/span><em style=\"line-height: 1.3em;\">El uso de traje de neopreno puede ser obligatorio, permitido o prohibido, en funci\u00f3n\u00a0<span style=\"line-height: 1.3em;\">de la distancia (en metros) y la temperatura del agua (en C\u00ba) expresadas en la <\/span><span style=\"line-height: 1.3em;\">siguiente tabla: <\/span><\/em><\/p>\n<p>  <!--more-->  <\/p>\n<p><em style=\"line-height: 1.3em;\"> <\/em><\/p>\n<p>\u00a0<\/p>\n<table border=\"1\" cellspacing=\"0\" cellpadding=\"5\" summary=\"Tabla de uso de neopreno grupos de edad.\">\n<caption><em>Tabla de uso de neopreno grupos de edad<\/em><\/caption>\n<tbody>\n<tr>\n<th>Distancia<\/th>\n<th>Prohibido por encima de<\/th>\n<th>Obligatorio por debajo de<\/th>\n<th>Estancia maxima en el agua<\/th>\n<\/tr>\n<tr>\n<th>750<\/th>\n<td style=\"text-align: center;\"><strong>22C\u00ba<\/strong><\/td>\n<td style=\"text-align: center;\"><strong>14C\u00ba<\/strong><\/td>\n<td style=\"text-align: center;\"><strong>30&#8242;<\/strong><\/td>\n<\/tr>\n<tr>\n<th>1500<\/th>\n<td style=\"text-align: center;\"><strong>22C\u00ba<\/strong><\/td>\n<td style=\"text-align: center;\"><strong>14C\u00ba<\/strong><\/td>\n<td style=\"text-align: center;\"><strong>1:10&#8242;<\/strong><\/td>\n<\/tr>\n<tr>\n<th>3000<\/th>\n<td style=\"text-align: center;\"><strong>23C\u00ba<\/strong><\/td>\n<td style=\"text-align: center;\"><strong>16C\u00ba<\/strong><\/td>\n<td style=\"text-align: center;\"><strong>1:40&#8242;<\/strong><\/td>\n<\/tr>\n<tr>\n<th>4000<\/th>\n<td style=\"text-align: center;\"><strong>24C\u00ba<\/strong><\/td>\n<td style=\"text-align: center;\"><strong>16C\u00ba<\/strong><\/td>\n<td style=\"text-align: center;\"><strong>2:15&#8242;<\/strong><\/td>\n<\/tr>\n<\/tbody>\n<\/table>\n<p>Para competiciones Elite, sub23 y junior<\/p>\n<table border=\"1\" cellspacing=\"0\" cellpadding=\"5\" summary=\"Tabla de uso de neopreno Elite, sub23 y junior.\">\n<caption><em>Tabla de uso de neopreno Elite, sub23 y junior<\/em><\/caption>\n<tbody>\n<tr>\n<th>Distancia<\/th>\n<th>Prohibido por encima de<\/th>\n<th>Obligatorio por debajo de<\/th>\n<th>Estancia maxima en el agua<\/th>\n<\/tr>\n<tr>\n<th>300<\/th>\n<td style=\"text-align: center;\"><strong>20C\u00ba<\/strong><\/td>\n<td style=\"text-align: center;\"><strong>14C\u00ba<\/strong><\/td>\n<td style=\"text-align: center;\"><strong>10&#8242;<\/strong><\/td>\n<\/tr>\n<tr>\n<th>750<\/th>\n<td style=\"text-align: center;\"><strong>20C\u00ba<\/strong><\/td>\n<td style=\"text-align: center;\"><strong>14C\u00ba<\/strong><\/td>\n<td style=\"text-align: center;\"><strong>20&#8242;<\/strong><\/td>\n<\/tr>\n<tr>\n<th>1500<\/th>\n<td style=\"text-align: center;\"><strong>20C\u00ba<\/strong><\/td>\n<td style=\"text-align: center;\"><strong>14C\u00ba<\/strong><\/td>\n<td style=\"text-align: center;\"><strong>30&#8242;<\/strong><\/td>\n<\/tr>\n<tr>\n<th>3000<\/th>\n<td style=\"text-align: center;\"><strong>22C\u00ba<\/strong><\/td>\n<td style=\"text-align: center;\"><strong>16C\u00ba<\/strong><\/td>\n<td style=\"text-align: center;\"><strong>1:15&#8242;<\/strong><\/td>\n<\/tr>\n<tr>\n<th>4000<\/th>\n<td style=\"text-align: center;\"><strong>22C\u00ba<\/strong><\/td>\n<td style=\"text-align: center;\"><strong>16C\u00ba<\/strong><\/td>\n<td style=\"text-align: center;\"><strong>1:45&#8242;<\/strong><\/td>\n<\/tr>\n<\/tbody>\n<\/table>\n<p><em><strong> (*) Nota<\/strong>: Las temperaturas especificadas no son siempre las temperaturas del agua usadas en la decisi\u00f3n final. Si la temperatura externa es m\u00e1s baja que la temperatura del agua, entonces el ajuste es bajar la temperatura medida del agua, 0,5oC cada 1oC de diferencia entre las temperaturas externas y del agua<\/em><\/p>\n<ul>\n<li><em>Los atletas de 50 o m\u00e1s a\u00f1os les est\u00e1 permitido participar con el traje de neopreno\u00a0<span style=\"line-height: 1.3em;\">sea cual fuese la temperatura del agua.<\/span><\/em><\/li>\n<li><em><span style=\"line-height: 1.3em;\">Si hubiere condiciones meteorol\u00f3gicas extremas, como fuertes vientos, lluvia, etc.; <\/span><span style=\"line-height: 1.3em;\">el Delegado T\u00e9cnico y\/o el Delegado M\u00e9dico, pueden decidir acerca de la longitud <\/span><span style=\"line-height: 1.3em;\">del segmento de nataci\u00f3n y del uso del traje de neopreno. La decisi\u00f3n final se <\/span><span style=\"line-height: 1.3em;\">tomar\u00e1 1 hora antes de la salida, y ser\u00e1 claramente comunicada a los atletas.<\/span><\/em><\/li>\n<li><em><span style=\"line-height: 1.3em;\">Para las competiciones de Acuatl\u00f3n, si la temperatura del agua es inferior a 18\u00baC se <\/span><span style=\"line-height: 1.3em;\">modificar\u00e1 la competici\u00f3n al formato Nataci\u00f3n-Carrera, seg\u00fan las distancias <\/span><span style=\"line-height: 1.3em;\">recogidas en el apartado 1.5.<\/span><\/em><\/li>\n<li><em><span style=\"line-height: 1.3em;\">La temperatura oficial del agua se medir\u00e1 en el medio del recorrido, y en otros dos <\/span><span style=\"line-height: 1.3em;\">puntos de segmento de nataci\u00f3n, y a una profundidad de 60 cm., 1 hora antes de <\/span><span style=\"line-height: 1.3em;\">la salida. La temperatura m\u00e1s baja de las tomadas, se considerar\u00e1 como la oficial.\u00bb<\/span><\/em><\/li>\n<\/ul>\n<p><span style=\"line-height: 1.3em;\">Si tomamos como ejemplo el pr\u00f3ximo triatl\u00f3n de Palma siendo este de <strong>distancia sprint (750m)<\/strong>:<\/span><\/p>\n<p>\u00a0<\/p>\n<ul>\n<li><span style=\"line-height: 1.3em;\">Si la temperatura del agua es<strong> inferior a 14C\u00ba<\/strong> ser\u00eda<strong> obligatorio<\/strong> el uso del neopreno: Esta opci\u00f3n parece descartada ya que actualmente el agua ya ronda los 20C\u00ba<\/span><\/li>\n<li><span style=\"line-height: 1.3em;\">Si la temperatura del agua es<strong> superior a 14C\u00ba e inferior a 22C\u00ba<\/strong> el uso del neopreno es <strong>opcional<\/strong>:<strong> <\/strong>Parece la opci\u00f3n m\u00e1s probable.<\/span><\/li>\n<li><span style=\"line-height: 1.3em;\">Si la temperatura del agua es<strong> superior a 22C\u00ba<\/strong> esta <strong>prohibido<\/strong> el uso del neopreno: En este caso<strong> adem\u00e1s quedan prohibidos ciertos elementos como <\/strong><\/span><strong><span style=\"line-height: 1.3em;\">Ropa que cubra los brazos de los hombros a las manos y ropa que cubra las <\/span><span style=\"line-height: 1.3em;\">piernas desde las rodillas a los pies (ojo con las medias compresivas) <\/span><\/strong><\/li>\n<\/ul>\n<div>Esperamos que este art\u00edculo sirva para aclarar las dudas sobre este tema. En cualquier caso ante cualquier duda nos remitimos al reglamento adjunto a este articulo para cualquier consulta.<\/div>\n<p>\u00a0<\/p>\n<p><strong>Foto: Rafa Babot<\/strong><\/p>\n","protected":false},"excerpt":{"rendered":"<p>Cada a\u00f1o por estas fechas con la llegada del triatl\u00f3n de Palma surgen las dudas acerca de si el neopreno ser\u00e1 obligatorio, opcional o no estar\u00e1 permitido. Para aquellos triatlones que se rigen por la normativa de la federaci\u00f3n, la respuesta a esta pregunta es muy clara ya que viene especificado en el reglamento. Concretamente &#8230;<\/p>\n","protected":false},"author":1,"featured_media":0,"comment_status":"open","ping_status":"open","sticky":false,"template":"","format":"standard","meta":{"_uag_custom_page_level_css":"","footnotes":""},"categories":[27],"tags":[],"class_list":["post-250","post","type-post","status-publish","format-standard","hentry","category-comite-tecnico"],"uagb_featured_image_src":{"full":false,"thumbnail":false,"medium":false,"medium_large":false,"large":false,"1536x1536":false,"2048x2048":false,"tie-small":false,"tie-large":false,"slider":false},"uagb_author_info":{"display_name":"admin","author_link":"https:\/\/fetrib.com\/web\/author\/admin\/"},"uagb_comment_info":0,"uagb_excerpt":"Cada a\u00f1o por estas fechas con la llegada del triatl\u00f3n de Palma surgen las dudas acerca de si el neopreno ser\u00e1 obligatorio, opcional o no estar\u00e1 permitido. Para aquellos triatlones que se rigen por la normativa de la federaci\u00f3n, la respuesta a esta pregunta es muy clara ya que viene especificado en el reglamento. Concretamente&hellip;","_links":{"self":[{"href":"https:\/\/fetrib.com\/web\/wp-json\/wp\/v2\/posts\/250","targetHints":{"allow":["GET"]}}],"collection":[{"href":"https:\/\/fetrib.com\/web\/wp-json\/wp\/v2\/posts"}],"about":[{"href":"https:\/\/fetrib.com\/web\/wp-json\/wp\/v2\/types\/post"}],"author":[{"embeddable":true,"href":"https:\/\/fetrib.com\/web\/wp-json\/wp\/v2\/users\/1"}],"replies":[{"embeddable":true,"href":"https:\/\/fetrib.com\/web\/wp-json\/wp\/v2\/comments?post=250"}],"version-history":[{"count":0,"href":"https:\/\/fetrib.com\/web\/wp-json\/wp\/v2\/posts\/250\/revisions"}],"wp:attachment":[{"href":"https:\/\/fetrib.com\/web\/wp-json\/wp\/v2\/media?parent=250"}],"wp:term":[{"taxonomy":"category","embeddable":true,"href":"https:\/\/fetrib.com\/web\/wp-json\/wp\/v2\/categories?post=250"},{"taxonomy":"post_tag","embeddable":true,"href":"https:\/\/fetrib.com\/web\/wp-json\/wp\/v2\/tags?post=250"}],"curies":[{"name":"wp","href":"https:\/\/api.w.org\/{rel}","templated":true}]}}