{"id":2521,"date":"2019-02-21T17:48:51","date_gmt":"2019-02-21T17:48:51","guid":{"rendered":"http:\/\/fetrib.com\/web\/?p=2521"},"modified":"2019-02-21T17:51:36","modified_gmt":"2019-02-21T17:51:36","slug":"atletes-amb-placa-per-cts-despanya","status":"publish","type":"post","link":"https:\/\/fetrib.com\/web\/2019\/02\/21\/atletes-amb-placa-per-cts-despanya\/","title":{"rendered":"Atletes amb pla\u00e7a per Cts. d&#8217;Espanya"},"content":{"rendered":"<p>Les seg\u00fcentes proves atorgaran pla\u00e7a per participar en els corresponents campionats d&#8217;Espanya \u00e8lit per a la temporada 2019.<\/p>\n<p>Ct. Espanya triatl\u00f3 sprint: Campionat de Balears de triatl\u00f3 sprint (19-05-2019)<\/p>\n<p>Ct. Espanya triatl\u00f3 MD: Campionat de Balears de Triatl\u00f3 MD, Totaltrimallorca (02-06-2019)<\/p>\n<p>Davant la impossibilitat de realitzar la prova enguany en els terminis necessaris, han obtingut pla\u00e7a directa el seg\u00fcents atletes gr\u00e0cies a la seva posici\u00f3 en els campionats de balears de la temporada 2018.<\/p>\n<p><strong>Triatl\u00f3 cross<\/strong>\u00a0 (Cala Agulla 2018)<\/p>\n<table style=\"height: 129px;\" width=\"527\">\n<tbody>\n<tr>\n<td>Sebasti\u00e0 Gelabert<br \/>\nAlbert Gelabert<br \/>\nToni Salas Ferrer<br \/>\nToni Oliver Ramon<br \/>\nJos\u00e9 Maria Fuertes.<\/td>\n<td>Ana Soler Guardia<br \/>\nRosa Salas Fullana<br \/>\nAl\u00eda Ibensadiken<br \/>\nAgnes Oliver Mora<br \/>\nDaniela Romero L\u00f3pez<\/td>\n<\/tr>\n<\/tbody>\n<\/table>\n<p><strong>Duatl\u00f3 cross<\/strong>\u00a0 (Montuiri 2018)<\/p>\n<table style=\"height: 134px;\" width=\"524\">\n<tbody>\n<tr>\n<td>Albert Gelabert<br \/>\nSebasti\u00e0 Mascar\u00f3.<br \/>\nLluis Biel Bauza<br \/>\nMiquel Riusech<br \/>\nManuel de la Torre<\/td>\n<td>Marga Fullana<br \/>\nAna Soler Guardia<br \/>\nRosa Salas Fullana<br \/>\nAlia Ibensadiken<br \/>\nIrene Company Molina<\/td>\n<\/tr>\n<\/tbody>\n<\/table>\n<p><strong>Aquatl\u00f3<\/strong>\u00a0 (Eivissa 2018)<\/p>\n<table style=\"height: 132px;\" width=\"522\">\n<tbody>\n<tr>\n<td>Alberto Parrilla.<br \/>\nLluis Rodas<br \/>\nDaniel Pons<br \/>\nDaniel Gonzalez<br \/>\nMarc Roig<\/td>\n<td>Susana Sevillano<br \/>\nLaia Torres<br \/>\nShiela Pearl de la Cruz<br \/>\nNatalia Fernandez<br \/>\nAscensi\u00f3n Mart\u00ednez<\/td>\n<\/tr>\n<\/tbody>\n<\/table>\n<p><strong>Triatl\u00f3 LD<\/strong> (Artiem Half Menorca 2018)<\/p>\n<table style=\"height: 136px;\" width=\"522\">\n<tbody>\n<tr>\n<td>Ryan Christian Christian<br \/>\nGuillem Tomeu Vadell Riera<br \/>\nDaniel Gonzalez Alvarez<br \/>\nDavid Sintes Pons<br \/>\nRafael Reyes Mart\u00ednez<\/td>\n<td>Leonor Font<br \/>\nLaia Torres<br \/>\nSusana Sevillano<br \/>\nM. Paz Cerd\u00e0<br \/>\nRaquel Garc\u00eda Perez<\/td>\n<\/tr>\n<\/tbody>\n<\/table>\n<p><strong>Duatl\u00f3 MD<\/strong> (Powerman 2018)<\/p>\n<table style=\"height: 135px;\" width=\"518\">\n<tbody>\n<tr>\n<td>Miguel Angel Fidalgo.<br \/>\nJoan Nadal<br \/>\nMiguel Fernandez Mini\u00f1o<br \/>\nMiquel Ensenyat<br \/>\nMarcel Zamora<\/td>\n<td>Carolina Sitges Quir\u00f3s<\/td>\n<\/tr>\n<\/tbody>\n<\/table>\n","protected":false},"excerpt":{"rendered":"<p>Les seg\u00fcentes proves atorgaran pla\u00e7a per participar en els corresponents campionats d&#8217;Espanya \u00e8lit per a la temporada 2019. Ct. Espanya triatl\u00f3 sprint: Campionat de Balears de triatl\u00f3 sprint (19-05-2019) Ct. Espanya triatl\u00f3 MD: Campionat de Balears de Triatl\u00f3 MD, Totaltrimallorca (02-06-2019) Davant la impossibilitat de realitzar la prova enguany en els terminis necessaris, han obtingut &#8230;<\/p>\n","protected":false},"author":1,"featured_media":1732,"comment_status":"closed","ping_status":"open","sticky":false,"template":"","format":"standard","meta":{"_uag_custom_page_level_css":"","footnotes":""},"categories":[1],"tags":[],"class_list":["post-2521","post","type-post","status-publish","format-standard","has-post-thumbnail","hentry","category-general"],"uagb_featured_image_src":{"full":["https:\/\/fetrib.com\/web\/wp-content\/uploads\/2018\/05\/elite.jpg",900,444,false],"thumbnail":["https:\/\/fetrib.com\/web\/wp-content\/uploads\/2018\/05\/elite-150x150.jpg",150,150,true],"medium":["https:\/\/fetrib.com\/web\/wp-content\/uploads\/2018\/05\/elite-300x148.jpg",300,148,true],"medium_large":["https:\/\/fetrib.com\/web\/wp-content\/uploads\/2018\/05\/elite-768x379.jpg",620,306,true],"large":["https:\/\/fetrib.com\/web\/wp-content\/uploads\/2018\/05\/elite.jpg",620,306,false],"1536x1536":["https:\/\/fetrib.com\/web\/wp-content\/uploads\/2018\/05\/elite.jpg",900,444,false],"2048x2048":["https:\/\/fetrib.com\/web\/wp-content\/uploads\/2018\/05\/elite.jpg",900,444,false],"tie-small":["https:\/\/fetrib.com\/web\/wp-content\/uploads\/2018\/05\/elite-70x70.jpg",70,70,true],"tie-large":["https:\/\/fetrib.com\/web\/wp-content\/uploads\/2018\/05\/elite-300x160.jpg",300,160,true],"slider":["https:\/\/fetrib.com\/web\/wp-content\/uploads\/2018\/05\/elite-620x330.jpg",620,330,true]},"uagb_author_info":{"display_name":"admin","author_link":"https:\/\/fetrib.com\/web\/author\/admin\/"},"uagb_comment_info":0,"uagb_excerpt":"Les seg\u00fcentes proves atorgaran pla\u00e7a per participar en els corresponents campionats d&#8217;Espanya \u00e8lit per a la temporada 2019. Ct. Espanya triatl\u00f3 sprint: Campionat de Balears de triatl\u00f3 sprint (19-05-2019) Ct. Espanya triatl\u00f3 MD: Campionat de Balears de Triatl\u00f3 MD, Totaltrimallorca (02-06-2019) Davant la impossibilitat de realitzar la prova enguany en els terminis necessaris, han obtingut&hellip;","_links":{"self":[{"href":"https:\/\/fetrib.com\/web\/wp-json\/wp\/v2\/posts\/2521","targetHints":{"allow":["GET"]}}],"collection":[{"href":"https:\/\/fetrib.com\/web\/wp-json\/wp\/v2\/posts"}],"about":[{"href":"https:\/\/fetrib.com\/web\/wp-json\/wp\/v2\/types\/post"}],"author":[{"embeddable":true,"href":"https:\/\/fetrib.com\/web\/wp-json\/wp\/v2\/users\/1"}],"replies":[{"embeddable":true,"href":"https:\/\/fetrib.com\/web\/wp-json\/wp\/v2\/comments?post=2521"}],"version-history":[{"count":3,"href":"https:\/\/fetrib.com\/web\/wp-json\/wp\/v2\/posts\/2521\/revisions"}],"predecessor-version":[{"id":2524,"href":"https:\/\/fetrib.com\/web\/wp-json\/wp\/v2\/posts\/2521\/revisions\/2524"}],"wp:featuredmedia":[{"embeddable":true,"href":"https:\/\/fetrib.com\/web\/wp-json\/wp\/v2\/media\/1732"}],"wp:attachment":[{"href":"https:\/\/fetrib.com\/web\/wp-json\/wp\/v2\/media?parent=2521"}],"wp:term":[{"taxonomy":"category","embeddable":true,"href":"https:\/\/fetrib.com\/web\/wp-json\/wp\/v2\/categories?post=2521"},{"taxonomy":"post_tag","embeddable":true,"href":"https:\/\/fetrib.com\/web\/wp-json\/wp\/v2\/tags?post=2521"}],"curies":[{"name":"wp","href":"https:\/\/api.w.org\/{rel}","templated":true}]}}