{"id":2545,"date":"2019-03-18T13:44:31","date_gmt":"2019-03-18T13:44:31","guid":{"rendered":"http:\/\/fetrib.com\/web\/?p=2545"},"modified":"2019-03-28T17:00:26","modified_gmt":"2019-03-28T17:00:26","slug":"campionat-de-balears-de-duatlo-sprint-2019","status":"publish","type":"post","link":"https:\/\/fetrib.com\/web\/2019\/03\/18\/campionat-de-balears-de-duatlo-sprint-2019\/","title":{"rendered":"Campionat de Balears de Duatl\u00f3 Sprint 2019"},"content":{"rendered":"<p><img loading=\"lazy\" decoding=\"async\" class=\"aligncenter wp-image-2559\" src=\"http:\/\/fetrib.com\/web\/wp-content\/uploads\/2019\/03\/poster-duatlo-calvia-2019-1.jpg\" alt=\"\" width=\"211\" height=\"297\" srcset=\"https:\/\/fetrib.com\/web\/wp-content\/uploads\/2019\/03\/poster-duatlo-calvia-2019-1.jpg 728w, https:\/\/fetrib.com\/web\/wp-content\/uploads\/2019\/03\/poster-duatlo-calvia-2019-1-213x300.jpg 213w\" sizes=\"auto, (max-width: 211px) 100vw, 211px\" \/><\/p>\n<p>El Campionat de Balears de duatl\u00f3 sprint finalment se celebrar\u00e0 el 31 de mar\u00e7 de 2019 a la localitat de Peguera (Calvi\u00e0).<br \/>\nLa sortida estar\u00e0 situada a la pla\u00e7a de la platja de Tor\u00e0 de Peguera, i es disputar\u00e0 sobre unes dist\u00e0ncies aproximades de 5-20-2,5<\/p>\n<div data-contents=\"true\">\n<div class=\"\" data-block=\"true\" data-editor=\"hpcm\" data-offset-key=\"b8ggl-0-0\">\n<div class=\"_1mf _1mj\" data-offset-key=\"b8ggl-0-0\"><span data-offset-key=\"b8ggl-0-0\">Horaris aproximats pel Campionat de Balears de duatl\u00f3 sprint a Peguera:<\/span><\/div>\n<\/div>\n<div class=\"\" data-block=\"true\" data-editor=\"hpcm\" data-offset-key=\"6d1oo-0-0\">\n<div class=\"_1mf _1mj\" data-offset-key=\"6d1oo-0-0\"><span data-offset-key=\"6d1oo-0-0\">\u00a0<\/span><\/div>\n<\/div>\n<div class=\"\" data-block=\"true\" data-editor=\"hpcm\" data-offset-key=\"anclt-0-0\">\n<div class=\"_1mf _1mj\" data-offset-key=\"anclt-0-0\"><span data-offset-key=\"anclt-0-0\">PreBenjam\u00ed 9h<\/span><\/div>\n<\/div>\n<div class=\"\" data-block=\"true\" data-editor=\"hpcm\" data-offset-key=\"cvugf-0-0\">\n<div class=\"_1mf _1mj\" data-offset-key=\"cvugf-0-0\"><span data-offset-key=\"cvugf-0-0\">Benjam\u00ed 9:15h<\/span><\/div>\n<\/div>\n<div class=\"\" data-block=\"true\" data-editor=\"hpcm\" data-offset-key=\"8l524-0-0\">\n<div class=\"_1mf _1mj\" data-offset-key=\"8l524-0-0\"><span data-offset-key=\"8l524-0-0\">Alev\u00ed 9:30h<\/span><\/div>\n<\/div>\n<div class=\"\" data-block=\"true\" data-editor=\"hpcm\" data-offset-key=\"eggt7-0-0\">\n<div class=\"_1mf _1mj\" data-offset-key=\"eggt7-0-0\"><span data-offset-key=\"eggt7-0-0\">Infantil 9:45h<\/span><\/div>\n<\/div>\n<div class=\"\" data-block=\"true\" data-editor=\"hpcm\" data-offset-key=\"8ju68-0-0\">\n<div class=\"_1mf _1mj\" data-offset-key=\"8ju68-0-0\"><span data-offset-key=\"8ju68-0-0\">\u00a0<\/span><\/div>\n<\/div>\n<div class=\"\" data-block=\"true\" data-editor=\"hpcm\" data-offset-key=\"dehql-0-0\">\n<div class=\"_1mf _1mj\" data-offset-key=\"dehql-0-0\"><span data-offset-key=\"dehql-0-0\">10:20 Presentaci\u00f3 dones i paratri<\/span><\/div>\n<\/div>\n<div class=\"\" data-block=\"true\" data-editor=\"hpcm\" data-offset-key=\"auagm-0-0\">\n<div class=\"_1mf _1mj\" data-offset-key=\"auagm-0-0\"><span data-offset-key=\"auagm-0-0\">10:30 Sortida<\/span><\/div>\n<\/div>\n<div class=\"\" data-block=\"true\" data-editor=\"hpcm\" data-offset-key=\"c9evu-0-0\">\n<div class=\"_1mf _1mj\" data-offset-key=\"c9evu-0-0\"><span data-offset-key=\"c9evu-0-0\">\u00a0<\/span><\/div>\n<\/div>\n<div class=\"\" data-block=\"true\" data-editor=\"hpcm\" data-offset-key=\"598ve-0-0\">\n<div class=\"_1mf _1mj\" data-offset-key=\"598ve-0-0\"><span data-offset-key=\"598ve-0-0\">10:45 Presentaci\u00f3 homes<\/span><\/div>\n<\/div>\n<div class=\"\" data-block=\"true\" data-editor=\"hpcm\" data-offset-key=\"begva-0-0\">\n<div class=\"_1mf _1mj\" data-offset-key=\"begva-0-0\"><span data-offset-key=\"begva-0-0\">10:55 Sortida<\/span><\/div>\n<\/div>\n<div class=\"\" data-block=\"true\" data-editor=\"hpcm\" data-offset-key=\"couso-0-0\">\n<div class=\"_1mf _1mj\" data-offset-key=\"couso-0-0\"><span data-offset-key=\"couso-0-0\">\u00a0<\/span><\/div>\n<\/div>\n<div class=\"\" data-block=\"true\" data-editor=\"hpcm\" data-offset-key=\"35mt8-0-0\">\n<div class=\"_1mf _1mj\" data-offset-key=\"35mt8-0-0\"><span data-offset-key=\"35mt8-0-0\">Checkin Esport Base de 8 a 8:45h<\/span><\/div>\n<\/div>\n<div class=\"\" data-block=\"true\" data-editor=\"hpcm\" data-offset-key=\"blb8q-0-0\">\n<div class=\"_1mf _1mj\" data-offset-key=\"blb8q-0-0\"><span data-offset-key=\"blb8q-0-0\">Checkin Absoluts 8:30 a 10h<\/span><\/div>\n<\/div>\n<\/div>\n<p>&nbsp;<\/p>\n<p>Prova absoluta <strong>exclusiva per a federats.<\/strong><\/p>\n<p>Inscripcions a <a href=\"https:\/\/www.elitechip.net\/index.php?zwshow=compdet&amp;idcomp=6767117&amp;compsec=signup\">www.elitechip.net<\/a><\/p>\n<p><a href=\"http:\/\/fetrib.com\/web\/wp-content\/uploads\/2019\/03\/Reglament-duatlo-PEGUERA.pdf\">Reglament duatlo PEGUERA<\/a><\/p>\n<p><a href=\"http:\/\/fetrib.com\/web\/wp-content\/uploads\/2019\/03\/Reglament-duatlo-escolar-peguera.pdf\">Reglament duatlo escolar peguera<\/a><\/p>\n<p><a href=\"http:\/\/fetrib.com\/web\/wp-content\/uploads\/2019\/03\/Mapa-Ciclista.jpg\">Circuit ciclista<\/a><\/p>\n<p><a href=\"http:\/\/fetrib.com\/web\/wp-content\/uploads\/2019\/03\/circuit-carrera.jpg\">Circuit Carrera<\/a><\/p>\n","protected":false},"excerpt":{"rendered":"<p>El Campionat de Balears de duatl\u00f3 sprint finalment se celebrar\u00e0 el 31 de mar\u00e7 de 2019 a la localitat de Peguera (Calvi\u00e0). La sortida estar\u00e0 situada a la pla\u00e7a de la platja de Tor\u00e0 de Peguera, i es disputar\u00e0 sobre unes dist\u00e0ncies aproximades de 5-20-2,5 Horaris aproximats pel Campionat de Balears de duatl\u00f3 sprint a &#8230;<\/p>\n","protected":false},"author":1,"featured_media":0,"comment_status":"closed","ping_status":"open","sticky":false,"template":"","format":"standard","meta":{"_uag_custom_page_level_css":"","footnotes":""},"categories":[1],"tags":[],"class_list":["post-2545","post","type-post","status-publish","format-standard","hentry","category-general"],"uagb_featured_image_src":{"full":false,"thumbnail":false,"medium":false,"medium_large":false,"large":false,"1536x1536":false,"2048x2048":false,"tie-small":false,"tie-large":false,"slider":false},"uagb_author_info":{"display_name":"admin","author_link":"https:\/\/fetrib.com\/web\/author\/admin\/"},"uagb_comment_info":0,"uagb_excerpt":"El Campionat de Balears de duatl\u00f3 sprint finalment se celebrar\u00e0 el 31 de mar\u00e7 de 2019 a la localitat de Peguera (Calvi\u00e0). La sortida estar\u00e0 situada a la pla\u00e7a de la platja de Tor\u00e0 de Peguera, i es disputar\u00e0 sobre unes dist\u00e0ncies aproximades de 5-20-2,5 Horaris aproximats pel Campionat de Balears de duatl\u00f3 sprint a&hellip;","_links":{"self":[{"href":"https:\/\/fetrib.com\/web\/wp-json\/wp\/v2\/posts\/2545","targetHints":{"allow":["GET"]}}],"collection":[{"href":"https:\/\/fetrib.com\/web\/wp-json\/wp\/v2\/posts"}],"about":[{"href":"https:\/\/fetrib.com\/web\/wp-json\/wp\/v2\/types\/post"}],"author":[{"embeddable":true,"href":"https:\/\/fetrib.com\/web\/wp-json\/wp\/v2\/users\/1"}],"replies":[{"embeddable":true,"href":"https:\/\/fetrib.com\/web\/wp-json\/wp\/v2\/comments?post=2545"}],"version-history":[{"count":12,"href":"https:\/\/fetrib.com\/web\/wp-json\/wp\/v2\/posts\/2545\/revisions"}],"predecessor-version":[{"id":2609,"href":"https:\/\/fetrib.com\/web\/wp-json\/wp\/v2\/posts\/2545\/revisions\/2609"}],"wp:attachment":[{"href":"https:\/\/fetrib.com\/web\/wp-json\/wp\/v2\/media?parent=2545"}],"wp:term":[{"taxonomy":"category","embeddable":true,"href":"https:\/\/fetrib.com\/web\/wp-json\/wp\/v2\/categories?post=2545"},{"taxonomy":"post_tag","embeddable":true,"href":"https:\/\/fetrib.com\/web\/wp-json\/wp\/v2\/tags?post=2545"}],"curies":[{"name":"wp","href":"https:\/\/api.w.org\/{rel}","templated":true}]}}