{"id":261,"date":"2013-06-10T10:59:38","date_gmt":"2013-06-10T10:59:38","guid":{"rendered":"http:\/\/www.fetrib.com\/web2018\/news\/latest-news\/campionat-despanya-de-triatlo-per-autonomies8\/"},"modified":"2013-06-10T10:59:38","modified_gmt":"2013-06-10T10:59:38","slug":"campionat-despanya-de-triatlo-per-autonomies8","status":"publish","type":"post","link":"https:\/\/fetrib.com\/web\/2013\/06\/10\/campionat-despanya-de-triatlo-per-autonomies8\/","title":{"rendered":"Campionat d&#8217;Espanya de Triatl\u00f3 per Autonomies"},"content":{"rendered":"<p style=\"text-align: center;\"><img decoding=\"async\" src=\"images\/stories\/seleccio.jpg\" border=\"0\" width=\"75%\" \/><\/p>\n<p>Aquest cap de setmana s&#8217;ha disputat a Gij\u00f3n el Campionat d&#8217;Espanya de triatl\u00f3 per autonomies.<\/p>\n<p>La selecci\u00f3 balear s&#8217;ha classificat en tercer lloc en la prova de  relleus disputada diumenge al mat\u00ed.<\/p>\n<p>  <!--more-->  L&#8217;equip integrat per Xisca Tous,  Irene Company, Lucas Mola y Miguel A. Fidalgo, s&#8217;ha col\u00b7locat en tercera  posici\u00f3 des de l&#8217;inici de la prova, i ha sabut manternir-la fins al  final.<\/p>\n<p>Dissabte es varen disputar les proves per equips amb una bona actuaci\u00f3 dels balears.<\/p>\n<p>Finalment, la selecci\u00f3 balear ha finalitzat el campionat amb una merit\u00f2ria 8ena pla\u00e7a.<\/p>\n","protected":false},"excerpt":{"rendered":"<p>Aquest cap de setmana s&#8217;ha disputat a Gij\u00f3n el Campionat d&#8217;Espanya de triatl\u00f3 per autonomies. La selecci\u00f3 balear s&#8217;ha classificat en tercer lloc en la prova de relleus disputada diumenge al mat\u00ed.<\/p>\n","protected":false},"author":1,"featured_media":0,"comment_status":"open","ping_status":"open","sticky":false,"template":"","format":"standard","meta":{"_uag_custom_page_level_css":"","footnotes":""},"categories":[37],"tags":[],"class_list":["post-261","post","type-post","status-publish","format-standard","hentry","category-latest-news"],"uagb_featured_image_src":{"full":false,"thumbnail":false,"medium":false,"medium_large":false,"large":false,"1536x1536":false,"2048x2048":false,"tie-small":false,"tie-large":false,"slider":false},"uagb_author_info":{"display_name":"admin","author_link":"https:\/\/fetrib.com\/web\/author\/admin\/"},"uagb_comment_info":0,"uagb_excerpt":"Aquest cap de setmana s&#8217;ha disputat a Gij\u00f3n el Campionat d&#8217;Espanya de triatl\u00f3 per autonomies. La selecci\u00f3 balear s&#8217;ha classificat en tercer lloc en la prova de relleus disputada diumenge al mat\u00ed.","_links":{"self":[{"href":"https:\/\/fetrib.com\/web\/wp-json\/wp\/v2\/posts\/261","targetHints":{"allow":["GET"]}}],"collection":[{"href":"https:\/\/fetrib.com\/web\/wp-json\/wp\/v2\/posts"}],"about":[{"href":"https:\/\/fetrib.com\/web\/wp-json\/wp\/v2\/types\/post"}],"author":[{"embeddable":true,"href":"https:\/\/fetrib.com\/web\/wp-json\/wp\/v2\/users\/1"}],"replies":[{"embeddable":true,"href":"https:\/\/fetrib.com\/web\/wp-json\/wp\/v2\/comments?post=261"}],"version-history":[{"count":0,"href":"https:\/\/fetrib.com\/web\/wp-json\/wp\/v2\/posts\/261\/revisions"}],"wp:attachment":[{"href":"https:\/\/fetrib.com\/web\/wp-json\/wp\/v2\/media?parent=261"}],"wp:term":[{"taxonomy":"category","embeddable":true,"href":"https:\/\/fetrib.com\/web\/wp-json\/wp\/v2\/categories?post=261"},{"taxonomy":"post_tag","embeddable":true,"href":"https:\/\/fetrib.com\/web\/wp-json\/wp\/v2\/tags?post=261"}],"curies":[{"name":"wp","href":"https:\/\/api.w.org\/{rel}","templated":true}]}}