{"id":2628,"date":"2019-06-05T20:10:50","date_gmt":"2019-06-05T20:10:50","guid":{"rendered":"http:\/\/fetrib.com\/web\/?p=2628"},"modified":"2019-06-05T20:12:30","modified_gmt":"2019-06-05T20:12:30","slug":"criteris-de-seleccio-para-a-la-disputa-del-campionat-despanya-per-autonomies-2019","status":"publish","type":"post","link":"https:\/\/fetrib.com\/web\/2019\/06\/05\/criteris-de-seleccio-para-a-la-disputa-del-campionat-despanya-per-autonomies-2019\/","title":{"rendered":"Criteris de selecci\u00f3 per a la disputa del Campionat d\u2019Espanya per Autonomies 2019"},"content":{"rendered":"<p class=\"western\" lang=\"ca-ES\" align=\"justify\">El 6 i 7 de juliol de 2019 es disputar\u00e0 el Campionat d\u2019Espanya de Triatl\u00f3 per Autonomies a la localitat de Tres Cantos, Madrid.<\/p>\n<p class=\"western\" lang=\"ca-ES\" align=\"justify\">La FETRIB t\u00e9 el prop\u00f2sit de participar amb 6 esportistes absoluts, masculins i femenins, i 4 esportistes escolars, masculins i femenins.<\/p>\n<p class=\"western\" lang=\"ca-ES\" align=\"justify\">La FETRIB assumir\u00e0 les despeses del transport, allotjament i dietes.<\/p>\n<p class=\"western\" lang=\"ca-ES\" align=\"justify\">Els criteris de selecci\u00f3 absoluta seran els seg\u00fcents:<\/p>\n<p class=\"western\" lang=\"ca-ES\" align=\"justify\">&#8211; Resultats en proves internacionals.<\/p>\n<p class=\"western\" lang=\"ca-ES\" align=\"justify\">&#8211; Resultats en Ct d&#8217;Espanya de triatl\u00f3 sprint.<\/p>\n<p class=\"western\" lang=\"ca-ES\" align=\"justify\">&#8211; Resultats en altres proves nacionals.<\/p>\n<p class=\"western\" lang=\"ca-ES\" align=\"justify\">&#8211; Resultats en Ct de Balears de triatl\u00f3 ol\u00edmpic i altres proves de triatl\u00f3 balears.<\/p>\n<p class=\"western\" lang=\"ca-ES\" align=\"justify\">&#8211; Campi\u00f3 de Balears de triatl\u00f3 sprint a disputar a la localitat d&#8217;Andratx (16-06-2019).<\/p>\n<p class=\"western\" lang=\"ca-ES\" align=\"justify\">Els criteris de selecci\u00f3 escolar seran els seg\u00fcents:<\/p>\n<p class=\"western\" lang=\"ca-ES\" align=\"justify\">&#8211; Resultats en Ct d&#8217;Espanya de triatl\u00f3 sprint.<\/p>\n<p class=\"western\" lang=\"ca-ES\" align=\"justify\">&#8211; Resultats en altres proves nacionals.<\/p>\n<p class=\"western\" lang=\"ca-ES\" align=\"justify\">&#8211; Campi\u00f3 de Balears de triatl\u00f3 sprint a disputar a la localitat d&#8217;Andratx (16-06-2019).<\/p>\n<p class=\"western\" lang=\"ca-ES\" align=\"justify\">&#8211; Presa de temps nacional.<\/p>\n<p class=\"western\" lang=\"ca-ES\" align=\"justify\">Es valoraran principalment els temps de de nataci\u00f3 i ciclisme.<\/p>\n<p class=\"western\" lang=\"ca-ES\" align=\"justify\">Les seleccions es faran p\u00fabliques el 20 de juny de 2019<\/p>\n","protected":false},"excerpt":{"rendered":"<p>El 6 i 7 de juliol de 2019 es disputar\u00e0 el Campionat d\u2019Espanya de Triatl\u00f3 per Autonomies a la localitat de Tres Cantos, Madrid. La FETRIB t\u00e9 el prop\u00f2sit de participar amb 6 esportistes absoluts, masculins i femenins, i 4 esportistes escolars, masculins i femenins. La FETRIB assumir\u00e0 les despeses del transport, allotjament i dietes. &#8230;<\/p>\n","protected":false},"author":1,"featured_media":1682,"comment_status":"closed","ping_status":"open","sticky":false,"template":"","format":"standard","meta":{"_uag_custom_page_level_css":"","footnotes":""},"categories":[1],"tags":[],"class_list":["post-2628","post","type-post","status-publish","format-standard","has-post-thumbnail","hentry","category-general"],"uagb_featured_image_src":{"full":["https:\/\/fetrib.com\/web\/wp-content\/uploads\/2018\/03\/fetrib_logo_2018_naranja.png",320,252,false],"thumbnail":["https:\/\/fetrib.com\/web\/wp-content\/uploads\/2018\/03\/fetrib_logo_2018_naranja-150x150.png",150,150,true],"medium":["https:\/\/fetrib.com\/web\/wp-content\/uploads\/2018\/03\/fetrib_logo_2018_naranja-300x236.png",300,236,true],"medium_large":["https:\/\/fetrib.com\/web\/wp-content\/uploads\/2018\/03\/fetrib_logo_2018_naranja.png",320,252,false],"large":["https:\/\/fetrib.com\/web\/wp-content\/uploads\/2018\/03\/fetrib_logo_2018_naranja.png",320,252,false],"1536x1536":["https:\/\/fetrib.com\/web\/wp-content\/uploads\/2018\/03\/fetrib_logo_2018_naranja.png",320,252,false],"2048x2048":["https:\/\/fetrib.com\/web\/wp-content\/uploads\/2018\/03\/fetrib_logo_2018_naranja.png",320,252,false],"tie-small":["https:\/\/fetrib.com\/web\/wp-content\/uploads\/2018\/03\/fetrib_logo_2018_naranja-70x70.png",70,70,true],"tie-large":["https:\/\/fetrib.com\/web\/wp-content\/uploads\/2018\/03\/fetrib_logo_2018_naranja-300x160.png",300,160,true],"slider":["https:\/\/fetrib.com\/web\/wp-content\/uploads\/2018\/03\/fetrib_logo_2018_naranja.png",320,252,false]},"uagb_author_info":{"display_name":"admin","author_link":"https:\/\/fetrib.com\/web\/author\/admin\/"},"uagb_comment_info":0,"uagb_excerpt":"El 6 i 7 de juliol de 2019 es disputar\u00e0 el Campionat d\u2019Espanya de Triatl\u00f3 per Autonomies a la localitat de Tres Cantos, Madrid. La FETRIB t\u00e9 el prop\u00f2sit de participar amb 6 esportistes absoluts, masculins i femenins, i 4 esportistes escolars, masculins i femenins. La FETRIB assumir\u00e0 les despeses del transport, allotjament i dietes.&hellip;","_links":{"self":[{"href":"https:\/\/fetrib.com\/web\/wp-json\/wp\/v2\/posts\/2628","targetHints":{"allow":["GET"]}}],"collection":[{"href":"https:\/\/fetrib.com\/web\/wp-json\/wp\/v2\/posts"}],"about":[{"href":"https:\/\/fetrib.com\/web\/wp-json\/wp\/v2\/types\/post"}],"author":[{"embeddable":true,"href":"https:\/\/fetrib.com\/web\/wp-json\/wp\/v2\/users\/1"}],"replies":[{"embeddable":true,"href":"https:\/\/fetrib.com\/web\/wp-json\/wp\/v2\/comments?post=2628"}],"version-history":[{"count":3,"href":"https:\/\/fetrib.com\/web\/wp-json\/wp\/v2\/posts\/2628\/revisions"}],"predecessor-version":[{"id":2631,"href":"https:\/\/fetrib.com\/web\/wp-json\/wp\/v2\/posts\/2628\/revisions\/2631"}],"wp:featuredmedia":[{"embeddable":true,"href":"https:\/\/fetrib.com\/web\/wp-json\/wp\/v2\/media\/1682"}],"wp:attachment":[{"href":"https:\/\/fetrib.com\/web\/wp-json\/wp\/v2\/media?parent=2628"}],"wp:term":[{"taxonomy":"category","embeddable":true,"href":"https:\/\/fetrib.com\/web\/wp-json\/wp\/v2\/categories?post=2628"},{"taxonomy":"post_tag","embeddable":true,"href":"https:\/\/fetrib.com\/web\/wp-json\/wp\/v2\/tags?post=2628"}],"curies":[{"name":"wp","href":"https:\/\/api.w.org\/{rel}","templated":true}]}}