{"id":2633,"date":"2019-06-20T11:49:53","date_gmt":"2019-06-20T11:49:53","guid":{"rendered":"http:\/\/fetrib.com\/web\/?p=2633"},"modified":"2019-06-20T11:50:25","modified_gmt":"2019-06-20T11:50:25","slug":"2633","status":"publish","type":"post","link":"https:\/\/fetrib.com\/web\/2019\/06\/20\/2633\/","title":{"rendered":"Carlos Oliver y Gemma Llabr\u00e9s se llevan el t\u00edtulo de Campe\u00f3n de Baleares"},"content":{"rendered":"<p>Carlos Oliver vence con autoridad el 21\u00b0 Triatlon de Andratx y se lleva el t\u00edtulo de Campe\u00f3n de Baleares,en una prueba de domin\u00f3 con autoridad de principio a fin. La batalla real ven\u00eda por detr\u00e1s con la disputa de las plazas de podium,donde \u00a0Ryan Cristian finaliz\u00f3 segundo y el local Pau Ram\u00f3n tercero.<br \/>\nLa prueba femenina fue un calco de la masculina con una victoria contundente de Gemma Llabr\u00e9s desde las primeras brazadas en nataci\u00f3n has cruzar la meta y adjudicarse el t\u00edtulo balear de Triatl\u00f3n Sprint. Le acompa\u00f1aron en el podium Irati Matas segunda y Dolores Fern\u00e1ndez tercera.<br \/>\nPor categor\u00edas los vencedores fueron. Sacha Herrera y Al\u00eda Ibensadiken en cadetes, Rafel Adrover y Sof\u00eda Hamad en Juniors,Miguel Fern\u00e1ndez y Dolores Fern\u00e1ndez en vet1,Pedro Pou en ver 2 y Pep Pi\u00f1a en vet3.<br \/>\nEl t\u00edtulo por Clubs fue para el Viwo Hotels Team en Cat Masculina y Global Training en femenina.<\/p>\n<p><iframe loading=\"lazy\" title=\"XXI TRIATLO\u0301 DANDRATX 2019 \u00b7 Memorial Llorenc\u0327 Avile\u0301s\" width=\"620\" height=\"349\" src=\"https:\/\/www.youtube.com\/embed\/Qyv2zImaTjI?feature=oembed\" frameborder=\"0\" allow=\"accelerometer; autoplay; clipboard-write; encrypted-media; gyroscope; picture-in-picture; web-share\" referrerpolicy=\"strict-origin-when-cross-origin\" allowfullscreen><\/iframe><\/p>\n<p><iframe loading=\"lazy\" title=\"XXI TRIATLO\u0301 DANDRATX 2019 \u00b7 Memorial Llorenc\u0327 Avile\u0301s\" width=\"620\" height=\"349\" src=\"https:\/\/www.youtube.com\/embed\/Qyv2zImaTjI?feature=oembed\" frameborder=\"0\" allow=\"accelerometer; autoplay; clipboard-write; encrypted-media; gyroscope; picture-in-picture; web-share\" referrerpolicy=\"strict-origin-when-cross-origin\" allowfullscreen><\/iframe><\/p>\n<p>Video del campeonato<\/p>\n<p><iframe loading=\"lazy\" title=\"XXI TRIATLO\u0301 DANDRATX 2019 \u00b7 Memorial Llorenc\u0327 Avile\u0301s\" width=\"620\" height=\"349\" src=\"https:\/\/www.youtube.com\/embed\/Qyv2zImaTjI?start=54&#038;feature=oembed\" frameborder=\"0\" allow=\"accelerometer; autoplay; clipboard-write; encrypted-media; gyroscope; picture-in-picture; web-share\" referrerpolicy=\"strict-origin-when-cross-origin\" allowfullscreen><\/iframe><\/p>\n","protected":false},"excerpt":{"rendered":"<p>Carlos Oliver vence con autoridad el 21\u00b0 Triatlon de Andratx y se lleva el t\u00edtulo de Campe\u00f3n de Baleares,en una prueba de domin\u00f3 con autoridad de principio a fin. La batalla real ven\u00eda por detr\u00e1s con la disputa de las plazas de podium,donde \u00a0Ryan Cristian finaliz\u00f3 segundo y el local Pau Ram\u00f3n tercero. La prueba &#8230;<\/p>\n","protected":false},"author":1,"featured_media":2634,"comment_status":"closed","ping_status":"open","sticky":false,"template":"","format":"standard","meta":{"_uag_custom_page_level_css":"","footnotes":""},"categories":[1],"tags":[],"class_list":["post-2633","post","type-post","status-publish","format-standard","has-post-thumbnail","hentry","category-general"],"uagb_featured_image_src":{"full":["https:\/\/fetrib.com\/web\/wp-content\/uploads\/2019\/06\/Captura-de-pantalla-2019-06-19-a-les-16.40.00.png",1000,566,false],"thumbnail":["https:\/\/fetrib.com\/web\/wp-content\/uploads\/2019\/06\/Captura-de-pantalla-2019-06-19-a-les-16.40.00-150x150.png",150,150,true],"medium":["https:\/\/fetrib.com\/web\/wp-content\/uploads\/2019\/06\/Captura-de-pantalla-2019-06-19-a-les-16.40.00-300x170.png",300,170,true],"medium_large":["https:\/\/fetrib.com\/web\/wp-content\/uploads\/2019\/06\/Captura-de-pantalla-2019-06-19-a-les-16.40.00-768x435.png",620,351,true],"large":["https:\/\/fetrib.com\/web\/wp-content\/uploads\/2019\/06\/Captura-de-pantalla-2019-06-19-a-les-16.40.00.png",620,351,false],"1536x1536":["https:\/\/fetrib.com\/web\/wp-content\/uploads\/2019\/06\/Captura-de-pantalla-2019-06-19-a-les-16.40.00.png",1000,566,false],"2048x2048":["https:\/\/fetrib.com\/web\/wp-content\/uploads\/2019\/06\/Captura-de-pantalla-2019-06-19-a-les-16.40.00.png",1000,566,false],"tie-small":["https:\/\/fetrib.com\/web\/wp-content\/uploads\/2019\/06\/Captura-de-pantalla-2019-06-19-a-les-16.40.00-70x70.png",70,70,true],"tie-large":["https:\/\/fetrib.com\/web\/wp-content\/uploads\/2019\/06\/Captura-de-pantalla-2019-06-19-a-les-16.40.00-300x160.png",300,160,true],"slider":["https:\/\/fetrib.com\/web\/wp-content\/uploads\/2019\/06\/Captura-de-pantalla-2019-06-19-a-les-16.40.00-620x330.png",620,330,true]},"uagb_author_info":{"display_name":"admin","author_link":"https:\/\/fetrib.com\/web\/author\/admin\/"},"uagb_comment_info":0,"uagb_excerpt":"Carlos Oliver vence con autoridad el 21\u00b0 Triatlon de Andratx y se lleva el t\u00edtulo de Campe\u00f3n de Baleares,en una prueba de domin\u00f3 con autoridad de principio a fin. La batalla real ven\u00eda por detr\u00e1s con la disputa de las plazas de podium,donde \u00a0Ryan Cristian finaliz\u00f3 segundo y el local Pau Ram\u00f3n tercero. La prueba&hellip;","_links":{"self":[{"href":"https:\/\/fetrib.com\/web\/wp-json\/wp\/v2\/posts\/2633","targetHints":{"allow":["GET"]}}],"collection":[{"href":"https:\/\/fetrib.com\/web\/wp-json\/wp\/v2\/posts"}],"about":[{"href":"https:\/\/fetrib.com\/web\/wp-json\/wp\/v2\/types\/post"}],"author":[{"embeddable":true,"href":"https:\/\/fetrib.com\/web\/wp-json\/wp\/v2\/users\/1"}],"replies":[{"embeddable":true,"href":"https:\/\/fetrib.com\/web\/wp-json\/wp\/v2\/comments?post=2633"}],"version-history":[{"count":2,"href":"https:\/\/fetrib.com\/web\/wp-json\/wp\/v2\/posts\/2633\/revisions"}],"predecessor-version":[{"id":2636,"href":"https:\/\/fetrib.com\/web\/wp-json\/wp\/v2\/posts\/2633\/revisions\/2636"}],"wp:featuredmedia":[{"embeddable":true,"href":"https:\/\/fetrib.com\/web\/wp-json\/wp\/v2\/media\/2634"}],"wp:attachment":[{"href":"https:\/\/fetrib.com\/web\/wp-json\/wp\/v2\/media?parent=2633"}],"wp:term":[{"taxonomy":"category","embeddable":true,"href":"https:\/\/fetrib.com\/web\/wp-json\/wp\/v2\/categories?post=2633"},{"taxonomy":"post_tag","embeddable":true,"href":"https:\/\/fetrib.com\/web\/wp-json\/wp\/v2\/tags?post=2633"}],"curies":[{"name":"wp","href":"https:\/\/api.w.org\/{rel}","templated":true}]}}