{"id":2653,"date":"2019-06-25T20:44:47","date_gmt":"2019-06-25T20:44:47","guid":{"rendered":"http:\/\/fetrib.com\/web\/?p=2653"},"modified":"2019-06-27T14:47:44","modified_gmt":"2019-06-27T14:47:44","slug":"acces-cteib-de-triatlo-2019-2020","status":"publish","type":"post","link":"https:\/\/fetrib.com\/web\/2019\/06\/25\/acces-cteib-de-triatlo-2019-2020\/","title":{"rendered":"Acc\u00e9s CTEIB de triatl\u00f3 2019-2020"},"content":{"rendered":"<p>Dia 1 de juliol s&#8217;obri el pla\u00e7 per sol\u00b7licitar pla\u00e7a al CTEIB per al curs vinent.<\/p>\n<p>Els interessats d&#8217;emplenar un document sol\u00b7licitant la pla\u00e7a. El podeu trobar al seg\u00fcent enlla\u00e7.<\/p>\n<p><a href=\"https:\/\/docs.google.com\/forms\/d\/1m44jV2gwSIoa_VsBfltS85hlB2NBWIUMPW4lqu0RskE\/closedform\">https:\/\/docs.google.com\/forms\/d\/1m44jV2gwSIoa_VsBfltS85hlB2NBWIUMPW4lqu0RskE\/closedform<\/a><\/p>\n<p>Posteriorment enviar un correu a secretaria@fetrib.com per tal d&#8217;inscriure-se a les proves f\u00edsiques d&#8217;acc\u00e9s que se realitzaran el dissabte 13 de juliol a les 9:30 (Nataci\u00f3 i despr\u00e9s carrera amb 30&#8242; de descans)<\/p>\n<p>Data l\u00edmit per entregar les sol\u00b7licituds dia 12 de juliol de 2019<\/p>\n","protected":false},"excerpt":{"rendered":"<p>Dia 1 de juliol s&#8217;obri el pla\u00e7 per sol\u00b7licitar pla\u00e7a al CTEIB per al curs vinent. Els interessats d&#8217;emplenar un document sol\u00b7licitant la pla\u00e7a. El podeu trobar al seg\u00fcent enlla\u00e7. https:\/\/docs.google.com\/forms\/d\/1m44jV2gwSIoa_VsBfltS85hlB2NBWIUMPW4lqu0RskE\/closedform Posteriorment enviar un correu a secretaria@fetrib.com per tal d&#8217;inscriure-se a les proves f\u00edsiques d&#8217;acc\u00e9s que se realitzaran el dissabte 13 de juliol a les &#8230;<\/p>\n","protected":false},"author":1,"featured_media":2465,"comment_status":"closed","ping_status":"open","sticky":false,"template":"","format":"standard","meta":{"_uag_custom_page_level_css":"","footnotes":""},"categories":[1],"tags":[],"class_list":["post-2653","post","type-post","status-publish","format-standard","has-post-thumbnail","hentry","category-general"],"uagb_featured_image_src":{"full":["https:\/\/fetrib.com\/web\/wp-content\/uploads\/2019\/02\/IMG_20190203_163929.jpg",2501,1331,false],"thumbnail":["https:\/\/fetrib.com\/web\/wp-content\/uploads\/2019\/02\/IMG_20190203_163929-150x150.jpg",150,150,true],"medium":["https:\/\/fetrib.com\/web\/wp-content\/uploads\/2019\/02\/IMG_20190203_163929-300x160.jpg",300,160,true],"medium_large":["https:\/\/fetrib.com\/web\/wp-content\/uploads\/2019\/02\/IMG_20190203_163929-768x409.jpg",620,330,true],"large":["https:\/\/fetrib.com\/web\/wp-content\/uploads\/2019\/02\/IMG_20190203_163929-1024x545.jpg",620,330,true],"1536x1536":["https:\/\/fetrib.com\/web\/wp-content\/uploads\/2019\/02\/IMG_20190203_163929.jpg",1536,817,false],"2048x2048":["https:\/\/fetrib.com\/web\/wp-content\/uploads\/2019\/02\/IMG_20190203_163929.jpg",2048,1090,false],"tie-small":["https:\/\/fetrib.com\/web\/wp-content\/uploads\/2019\/02\/IMG_20190203_163929-70x70.jpg",70,70,true],"tie-large":["https:\/\/fetrib.com\/web\/wp-content\/uploads\/2019\/02\/IMG_20190203_163929-300x160.jpg",300,160,true],"slider":["https:\/\/fetrib.com\/web\/wp-content\/uploads\/2019\/02\/IMG_20190203_163929-620x330.jpg",620,330,true]},"uagb_author_info":{"display_name":"admin","author_link":"https:\/\/fetrib.com\/web\/author\/admin\/"},"uagb_comment_info":0,"uagb_excerpt":"Dia 1 de juliol s&#8217;obri el pla\u00e7 per sol\u00b7licitar pla\u00e7a al CTEIB per al curs vinent. Els interessats d&#8217;emplenar un document sol\u00b7licitant la pla\u00e7a. El podeu trobar al seg\u00fcent enlla\u00e7. https:\/\/docs.google.com\/forms\/d\/1m44jV2gwSIoa_VsBfltS85hlB2NBWIUMPW4lqu0RskE\/closedform Posteriorment enviar un correu a secretaria@fetrib.com per tal d&#8217;inscriure-se a les proves f\u00edsiques d&#8217;acc\u00e9s que se realitzaran el dissabte 13 de juliol a les&hellip;","_links":{"self":[{"href":"https:\/\/fetrib.com\/web\/wp-json\/wp\/v2\/posts\/2653","targetHints":{"allow":["GET"]}}],"collection":[{"href":"https:\/\/fetrib.com\/web\/wp-json\/wp\/v2\/posts"}],"about":[{"href":"https:\/\/fetrib.com\/web\/wp-json\/wp\/v2\/types\/post"}],"author":[{"embeddable":true,"href":"https:\/\/fetrib.com\/web\/wp-json\/wp\/v2\/users\/1"}],"replies":[{"embeddable":true,"href":"https:\/\/fetrib.com\/web\/wp-json\/wp\/v2\/comments?post=2653"}],"version-history":[{"count":4,"href":"https:\/\/fetrib.com\/web\/wp-json\/wp\/v2\/posts\/2653\/revisions"}],"predecessor-version":[{"id":2659,"href":"https:\/\/fetrib.com\/web\/wp-json\/wp\/v2\/posts\/2653\/revisions\/2659"}],"wp:featuredmedia":[{"embeddable":true,"href":"https:\/\/fetrib.com\/web\/wp-json\/wp\/v2\/media\/2465"}],"wp:attachment":[{"href":"https:\/\/fetrib.com\/web\/wp-json\/wp\/v2\/media?parent=2653"}],"wp:term":[{"taxonomy":"category","embeddable":true,"href":"https:\/\/fetrib.com\/web\/wp-json\/wp\/v2\/categories?post=2653"},{"taxonomy":"post_tag","embeddable":true,"href":"https:\/\/fetrib.com\/web\/wp-json\/wp\/v2\/tags?post=2653"}],"curies":[{"name":"wp","href":"https:\/\/api.w.org\/{rel}","templated":true}]}}