{"id":266,"date":"2013-06-12T11:24:17","date_gmt":"2013-06-12T11:24:17","guid":{"rendered":"http:\/\/www.fetrib.com\/web2018\/news\/latest-news\/campionat-despanya-de-triatlo-sprint\/"},"modified":"2013-06-12T11:24:17","modified_gmt":"2013-06-12T11:24:17","slug":"campionat-despanya-de-triatlo-sprint","status":"publish","type":"post","link":"https:\/\/fetrib.com\/web\/2013\/06\/12\/campionat-despanya-de-triatlo-sprint\/","title":{"rendered":"Campionat d&#8217;Espanya de Triatl\u00f3 Sprint"},"content":{"rendered":"<p>La FETRIB posa a disposici\u00f3 dels triatletes que ho desitgin quatre places (2 mascul\u00ed i 2 femen\u00ed) per participar en el Campionat d&#8217;Espanya de Triatl\u00f3 Sprint, categoria \u00e8lit, que es disputar\u00e0 el proper 23 de juny a Altafulla, Tarragona.<\/p>\n<p>Degut a la llista d&#8217;espera que ja t\u00e9 la FETRI per participar en aquesta prova, ens obliga a donar resposta a aquestes places abans de dijous 13 a les dotze del vespre.<\/p>\n<p>Si alg\u00fa est\u00e0 interessat en participar en aquesta prova, posau-vos en contacte amb la federaci\u00f3 de manera urgent.<\/p>\n<p>info@fetrib.com<\/p>\n<p>\u00a0<\/p>\n","protected":false},"excerpt":{"rendered":"<p>La FETRIB posa a disposici\u00f3 dels triatletes que ho desitgin quatre places (2 mascul\u00ed i 2 femen\u00ed) per participar en el Campionat d&#8217;Espanya de Triatl\u00f3 Sprint, categoria \u00e8lit, que es disputar\u00e0 el proper 23 de juny a Altafulla, Tarragona. Degut a la llista d&#8217;espera que ja t\u00e9 la FETRI per participar en aquesta prova, ens &#8230;<\/p>\n","protected":false},"author":1,"featured_media":0,"comment_status":"open","ping_status":"open","sticky":false,"template":"","format":"standard","meta":{"_uag_custom_page_level_css":"","footnotes":""},"categories":[37],"tags":[],"class_list":["post-266","post","type-post","status-publish","format-standard","hentry","category-latest-news"],"uagb_featured_image_src":{"full":false,"thumbnail":false,"medium":false,"medium_large":false,"large":false,"1536x1536":false,"2048x2048":false,"tie-small":false,"tie-large":false,"slider":false},"uagb_author_info":{"display_name":"admin","author_link":"https:\/\/fetrib.com\/web\/author\/admin\/"},"uagb_comment_info":0,"uagb_excerpt":"La FETRIB posa a disposici\u00f3 dels triatletes que ho desitgin quatre places (2 mascul\u00ed i 2 femen\u00ed) per participar en el Campionat d&#8217;Espanya de Triatl\u00f3 Sprint, categoria \u00e8lit, que es disputar\u00e0 el proper 23 de juny a Altafulla, Tarragona. Degut a la llista d&#8217;espera que ja t\u00e9 la FETRI per participar en aquesta prova, ens&hellip;","_links":{"self":[{"href":"https:\/\/fetrib.com\/web\/wp-json\/wp\/v2\/posts\/266","targetHints":{"allow":["GET"]}}],"collection":[{"href":"https:\/\/fetrib.com\/web\/wp-json\/wp\/v2\/posts"}],"about":[{"href":"https:\/\/fetrib.com\/web\/wp-json\/wp\/v2\/types\/post"}],"author":[{"embeddable":true,"href":"https:\/\/fetrib.com\/web\/wp-json\/wp\/v2\/users\/1"}],"replies":[{"embeddable":true,"href":"https:\/\/fetrib.com\/web\/wp-json\/wp\/v2\/comments?post=266"}],"version-history":[{"count":0,"href":"https:\/\/fetrib.com\/web\/wp-json\/wp\/v2\/posts\/266\/revisions"}],"wp:attachment":[{"href":"https:\/\/fetrib.com\/web\/wp-json\/wp\/v2\/media?parent=266"}],"wp:term":[{"taxonomy":"category","embeddable":true,"href":"https:\/\/fetrib.com\/web\/wp-json\/wp\/v2\/categories?post=266"},{"taxonomy":"post_tag","embeddable":true,"href":"https:\/\/fetrib.com\/web\/wp-json\/wp\/v2\/tags?post=266"}],"curies":[{"name":"wp","href":"https:\/\/api.w.org\/{rel}","templated":true}]}}