{"id":2661,"date":"2019-07-12T12:43:36","date_gmt":"2019-07-12T12:43:36","guid":{"rendered":"http:\/\/fetrib.com\/web\/?p=2661"},"modified":"2019-07-12T12:43:36","modified_gmt":"2019-07-12T12:43:36","slug":"exito-historico-de-la-seleccion-balear-de-triatlon","status":"publish","type":"post","link":"https:\/\/fetrib.com\/web\/2019\/07\/12\/exito-historico-de-la-seleccion-balear-de-triatlon\/","title":{"rendered":"\u00c9xito hist\u00f3rico de la selecci\u00f3n balear de triatl\u00f3n"},"content":{"rendered":"<p>La federaci\u00f3n de Triatlo de les Illes Balears consigue 3 medallas hist\u00f3ricas en el campeonato de Espa\u00f1ade de triatl\u00f3n por comunidades aut\u00f3nomas.<\/p>\n<p>Un meritorio resultado para una expedici\u00f3n balear compuesta por la selecci\u00f3n de los mejores triatletas de la comunidad, tanto absolutos como escolares que dieron la cara ante comunidades con mayor potencial hist\u00f3rico,como Andalucia,Catalu\u00f1a o Madrid.<\/p>\n<p>En las pruebas individuales destacaron las actuaciones de Carlos Oliver 7\u00ba y Fidalgo 13\u00ba en cat masculina y Xisca Tous 2\u00ba y Gemma Llabr\u00e9s 9\u00ba en categor\u00eda femenina, en una de las pruebas auton\u00f3micas de m\u00e1s nivel de los \u00faltimos a\u00f1os.<\/p>\n<p>En las pruebas por equipos, la selecci\u00f3n balear, cerr\u00f3 el fin de semana de la mejor manera posible, consiguiendo una meritoria medalla de bronce absoluta en la prueba de relevos mixtos con el equipo formado por Tous,Fidalgo,Llabr\u00e9s y Oliver, que junto a las pruebas novedosas de triatl\u00f3n inclusivo donde participaba un Paratri en formato de relevos mixtos, se ha consigi\u00f3 un triplete in\u00e9dito para el triatl\u00f3n balear sumando la victoria en la prueba absoluta con Sevillano,Ramon y Palomero y el bronce en la prueba escolar con Hamad,Saez y Caldentey.<\/p>\n<p>Las selecciones las completaron Pau Mas, Sacha Herrera, Dani Velasco, Joan Saez y Ana Montoro, Al\u00eda Ibensadiken, Aisha Hamad u Daniela Romero en el grupo de escolares. Y Susana Sevillano, Irati Matas, Sofia Hamas y Jessyca Perez junto a Ryan Christian, Guillem Soler, Jorge Morcillo y Pau Ramon en el grupo de absolutos.<\/p>\n<p>Los paratriatletas Alejandro Sanchez y Barto Caldentey, acompa\u00f1ados por los t\u00e9cnicos FETRIB Toni Oliver y Guillermo Soler junto a Ignasi Colom y el presidente balear Abilio Garc\u00eda.<\/p>\n","protected":false},"excerpt":{"rendered":"<p>La federaci\u00f3n de Triatlo de les Illes Balears consigue 3 medallas hist\u00f3ricas en el campeonato de Espa\u00f1ade de triatl\u00f3n por comunidades aut\u00f3nomas. Un meritorio resultado para una expedici\u00f3n balear compuesta por la selecci\u00f3n de los mejores triatletas de la comunidad, tanto absolutos como escolares que dieron la cara ante comunidades con mayor potencial hist\u00f3rico,como Andalucia,Catalu\u00f1a &#8230;<\/p>\n","protected":false},"author":1,"featured_media":2662,"comment_status":"closed","ping_status":"open","sticky":false,"template":"","format":"standard","meta":{"_uag_custom_page_level_css":"","footnotes":""},"categories":[1],"tags":[],"class_list":["post-2661","post","type-post","status-publish","format-standard","has-post-thumbnail","hentry","category-general"],"uagb_featured_image_src":{"full":["https:\/\/fetrib.com\/web\/wp-content\/uploads\/2019\/07\/IMG-20190706-WA0003.jpg",1537,761,false],"thumbnail":["https:\/\/fetrib.com\/web\/wp-content\/uploads\/2019\/07\/IMG-20190706-WA0003-150x150.jpg",150,150,true],"medium":["https:\/\/fetrib.com\/web\/wp-content\/uploads\/2019\/07\/IMG-20190706-WA0003-300x149.jpg",300,149,true],"medium_large":["https:\/\/fetrib.com\/web\/wp-content\/uploads\/2019\/07\/IMG-20190706-WA0003-768x380.jpg",620,307,true],"large":["https:\/\/fetrib.com\/web\/wp-content\/uploads\/2019\/07\/IMG-20190706-WA0003-1024x507.jpg",620,307,true],"1536x1536":["https:\/\/fetrib.com\/web\/wp-content\/uploads\/2019\/07\/IMG-20190706-WA0003.jpg",1536,761,false],"2048x2048":["https:\/\/fetrib.com\/web\/wp-content\/uploads\/2019\/07\/IMG-20190706-WA0003.jpg",1537,761,false],"tie-small":["https:\/\/fetrib.com\/web\/wp-content\/uploads\/2019\/07\/IMG-20190706-WA0003-70x70.jpg",70,70,true],"tie-large":["https:\/\/fetrib.com\/web\/wp-content\/uploads\/2019\/07\/IMG-20190706-WA0003-300x160.jpg",300,160,true],"slider":["https:\/\/fetrib.com\/web\/wp-content\/uploads\/2019\/07\/IMG-20190706-WA0003-620x330.jpg",620,330,true]},"uagb_author_info":{"display_name":"admin","author_link":"https:\/\/fetrib.com\/web\/author\/admin\/"},"uagb_comment_info":0,"uagb_excerpt":"La federaci\u00f3n de Triatlo de les Illes Balears consigue 3 medallas hist\u00f3ricas en el campeonato de Espa\u00f1ade de triatl\u00f3n por comunidades aut\u00f3nomas. Un meritorio resultado para una expedici\u00f3n balear compuesta por la selecci\u00f3n de los mejores triatletas de la comunidad, tanto absolutos como escolares que dieron la cara ante comunidades con mayor potencial hist\u00f3rico,como Andalucia,Catalu\u00f1a&hellip;","_links":{"self":[{"href":"https:\/\/fetrib.com\/web\/wp-json\/wp\/v2\/posts\/2661","targetHints":{"allow":["GET"]}}],"collection":[{"href":"https:\/\/fetrib.com\/web\/wp-json\/wp\/v2\/posts"}],"about":[{"href":"https:\/\/fetrib.com\/web\/wp-json\/wp\/v2\/types\/post"}],"author":[{"embeddable":true,"href":"https:\/\/fetrib.com\/web\/wp-json\/wp\/v2\/users\/1"}],"replies":[{"embeddable":true,"href":"https:\/\/fetrib.com\/web\/wp-json\/wp\/v2\/comments?post=2661"}],"version-history":[{"count":1,"href":"https:\/\/fetrib.com\/web\/wp-json\/wp\/v2\/posts\/2661\/revisions"}],"predecessor-version":[{"id":2663,"href":"https:\/\/fetrib.com\/web\/wp-json\/wp\/v2\/posts\/2661\/revisions\/2663"}],"wp:featuredmedia":[{"embeddable":true,"href":"https:\/\/fetrib.com\/web\/wp-json\/wp\/v2\/media\/2662"}],"wp:attachment":[{"href":"https:\/\/fetrib.com\/web\/wp-json\/wp\/v2\/media?parent=2661"}],"wp:term":[{"taxonomy":"category","embeddable":true,"href":"https:\/\/fetrib.com\/web\/wp-json\/wp\/v2\/categories?post=2661"},{"taxonomy":"post_tag","embeddable":true,"href":"https:\/\/fetrib.com\/web\/wp-json\/wp\/v2\/tags?post=2661"}],"curies":[{"name":"wp","href":"https:\/\/api.w.org\/{rel}","templated":true}]}}