{"id":267,"date":"2013-06-19T10:25:09","date_gmt":"2013-06-19T10:25:09","guid":{"rendered":"http:\/\/www.fetrib.com\/web2018\/escolar-base\/cinic-daquatlo-per-a-categories-base\/"},"modified":"2013-06-19T10:25:09","modified_gmt":"2013-06-19T10:25:09","slug":"cinic-daquatlo-per-a-categories-base","status":"publish","type":"post","link":"https:\/\/fetrib.com\/web\/2013\/06\/19\/cinic-daquatlo-per-a-categories-base\/","title":{"rendered":"Cl\u00ednic d&#8217;aquatl\u00f3 per a categories base"},"content":{"rendered":"<p style=\"text-align: center;\"><img decoding=\"async\" src=\"images\/stories\/img_3002.jpg\" border=\"0\" width=\"75%\" \/><\/p>\n<p>El proper 28 de juny a la Piscina Municipal d&#8217;Andratx, la FETRIB organitzar\u00e0 un cl\u00ednic orientat als aquatlons.<\/p>\n<p>Aquest cl\u00ednic pret\u00e9n reunir tots els infants i joves que han participat  en alguna de les proves programades per a la base durant la temporada  2012-2013.<\/p>\n<p>  <!--more-->  <\/p>\n<p>Pensam que aquesta activitat, ens serveix per donar continuitat a les proves fetes des de l&#8217;inici de la temporda, un bon moment per compartir feina tots junts unes sessions t\u00e8cniques i que pot ser una experi\u00e8ncia molt enriquidora per a tots els participants.<\/p>\n<p>Des de la FETRIB volem impulsar aquestes iniciatives i consolidar-les dins el calendari d\u2019activitats destinades a la base.<\/p>\n<p>OBJECTIU.<\/p>\n<p>&#8211;\u00a0\u00a0\u00a0 Fomentar la conviv\u00e8ncia dels infants i joves federats i no federats que han participat en alguna prova del calendari de triatl\u00f3 escolar.<br \/>&#8211;\u00a0\u00a0\u00a0 Treballar aspectes t\u00e8cnics de cada modalitat esportiva.<\/p>\n<p>\u00a0<\/p>\n<p>El cl\u00ednic es dur\u00e0 a terme el divendres 28 de juny de 2013 a la Piscina Municipal d&#8217;Andratx i l&#8217;escola p\u00fablica Es Vinyet (Andratx)<br \/>L\u2019activitat es realitzar\u00e0 de 17,00 h a 19,30 h.<\/p>\n<p>PARTICIPANTS.<br \/>Infants federats i no federats en edat escolar que han participat en alguna prova del calendari de triatl\u00f3 escolar.<\/p>\n<p>Tamb\u00e9 poden participar els infants que mai no han fet cap activitat o prova de la FETRIB, en aquest cas s&#8217;ha de fer el pagament de 7 euros pel seguro escolar del departament d&#8217;Esports del Consell de Mallorca i presentar resguard bancari el dia del cl\u00ednic:<br \/>CC\/ Sa Nostra 0487-2198-01-2000000949 Prebal (Previsi\u00f3n Balear)<\/p>\n<p>INSCRIPCI\u00d3.<\/p>\n<p>Al mail de la federaci\u00f3 fins el dijous 27 de juny\u00a0\u00a0 \u00a0\u00a0\u00a0 \u00a0\u00a0\u00a0 \u00a0\u00a0\u00a0\u00a0 esportbase@fetrib.com (Cati)<\/p>\n<p>CARACTERISTIQUES T\u00c8CNIQUES.<\/p>\n<p>ACTIVITATS QUE ES REALITZEN.<\/p>\n<p>Es realitzar\u00e0 un circuit en qu\u00e8 es treballaran dos esports per separat (aigua i carrera) i una xerrada t\u00e8cnica.<br \/>Hi haur\u00e0 dues estacions. <br \/>A cada estaci\u00f3 haur\u00e0 2 o 3 t\u00e8cnics per grup.<br \/>Es realitzaran dos grups per anar rotant:<\/p>\n<p>\u27a2\u00a0\u00a0\u00a0 Prebenjam\u00ed (6- 8 anys) Benjam\u00ed i Alev\u00ed (9-12 anys)<br \/>\u27a2\u00a0\u00a0\u00a0 Infantil i Cadet (13-16 anys)<\/p>\n<p>El canvi es realitzar\u00e0 mitjan\u00e7ant una rotaci\u00f3.<br \/>La duraci\u00f3 de cada activitat a cada estaci\u00f3 ser\u00e0 de 30&#8242; la xerrada t\u00e8cnica i 50\u2019 les activitats pr\u00e0ctiques (aproximadament).<\/p>\n<p>\u27a2\u00a0\u00a0\u00a0 30&#8242; xerrada t\u00e8cnica (tots el grups)<br \/>\u27a2\u00a0\u00a0\u00a0 50&#8242; d\u2019iniciaci\u00f3 a la t\u00e8cnica de la NATACI\u00d3<br \/>\u27a2\u00a0\u00a0\u00a0 50\u2019 d\u2019iniciaci\u00f3 a l&#8217;ATLETISME<\/p>\n<p>Activitats (t\u00e8cniques instrumentals b\u00e0siques) que es desenvoluparan a cada estaci\u00f3:<\/p>\n<p>\u27a2\u00a0\u00a0\u00a0 xerrada t\u00e8cnica <br \/>\u27a2\u00a0\u00a0\u00a0 de nataci\u00f3 (flotaci\u00f3, resist\u00e8ncia, propulsi\u00f3 b\u00e0sica, t\u00e8cnica b\u00e0sica del crol)<br \/>\u27a2\u00a0\u00a0\u00a0 d\u2019atletisme (t\u00e8cnica b\u00e0sica de carrera, rodar en pista)<\/p>\n<p>TEMPORALITZACI\u00d3. Divendres 28 de juny de 17 a 19,30 h <\/p>\n<p>17,00.- rebuda dels participants i distribuci\u00f3 per categories<br \/>17,15.- inici de l\u2019activitat.- XERRADA T\u00c8CNICA (30&#8242;)<br \/>17,45.- distribuci\u00f3 de grups<br \/>17,50.- rotaci\u00f3 1 (50&#8242;)<br \/>18,40.- rottaci\u00f3 2 (50&#8242;)<br \/>19,30.- fi del circuit + berenar. Acomiadament dels infants<\/p>\n<p>RECURSOS MATERIALS.<br \/>Individual (que aportar\u00e0 cada infant segons l\u2019activitat)<\/p>\n<p>\u2022\u00a0\u00a0\u00a0 Equipament de nataci\u00f3:<br \/>o\u00a0\u00a0\u00a0 Ulleres<br \/>o\u00a0\u00a0\u00a0 Casquet de bany<br \/>o\u00a0\u00a0\u00a0 Tovallola<br \/>o\u00a0\u00a0\u00a0 Banyador<br \/>o\u00a0\u00a0\u00a0 Xancles o similars<\/p>\n<p>\u2022\u00a0\u00a0\u00a0 Equipament d\u2019atletisme:<br \/>o\u00a0\u00a0\u00a0 Cal\u00e7at esportiu<br \/>o\u00a0\u00a0\u00a0 Camiseta i cal\u00e7ons esportius<\/p>\n<p>\u2022\u00a0\u00a0\u00a0 Varis:<br \/>o\u00a0\u00a0\u00a0 Beguda isot\u00f2nica o similar<br \/>o\u00a0\u00a0\u00a0 Berenar<br \/>o\u00a0\u00a0\u00a0 Una muda esportiva per despr\u00e9s de l\u2019activitat<br \/>o\u00a0\u00a0\u00a0 Estris d\u2019higiene personal<\/p>\n<p>\u00a0<\/p>\n<p>\u00a0<\/p>\n","protected":false},"excerpt":{"rendered":"<p>El proper 28 de juny a la Piscina Municipal d&#8217;Andratx, la FETRIB organitzar\u00e0 un cl\u00ednic orientat als aquatlons. Aquest cl\u00ednic pret\u00e9n reunir tots els infants i joves que han participat en alguna de les proves programades per a la base durant la temporada 2012-2013.<\/p>\n","protected":false},"author":1,"featured_media":0,"comment_status":"open","ping_status":"open","sticky":false,"template":"","format":"standard","meta":{"_uag_custom_page_level_css":"","footnotes":""},"categories":[29],"tags":[],"class_list":["post-267","post","type-post","status-publish","format-standard","hentry","category-escolar-base"],"uagb_featured_image_src":{"full":false,"thumbnail":false,"medium":false,"medium_large":false,"large":false,"1536x1536":false,"2048x2048":false,"tie-small":false,"tie-large":false,"slider":false},"uagb_author_info":{"display_name":"admin","author_link":"https:\/\/fetrib.com\/web\/author\/admin\/"},"uagb_comment_info":0,"uagb_excerpt":"El proper 28 de juny a la Piscina Municipal d&#8217;Andratx, la FETRIB organitzar\u00e0 un cl\u00ednic orientat als aquatlons. Aquest cl\u00ednic pret\u00e9n reunir tots els infants i joves que han participat en alguna de les proves programades per a la base durant la temporada 2012-2013.","_links":{"self":[{"href":"https:\/\/fetrib.com\/web\/wp-json\/wp\/v2\/posts\/267","targetHints":{"allow":["GET"]}}],"collection":[{"href":"https:\/\/fetrib.com\/web\/wp-json\/wp\/v2\/posts"}],"about":[{"href":"https:\/\/fetrib.com\/web\/wp-json\/wp\/v2\/types\/post"}],"author":[{"embeddable":true,"href":"https:\/\/fetrib.com\/web\/wp-json\/wp\/v2\/users\/1"}],"replies":[{"embeddable":true,"href":"https:\/\/fetrib.com\/web\/wp-json\/wp\/v2\/comments?post=267"}],"version-history":[{"count":0,"href":"https:\/\/fetrib.com\/web\/wp-json\/wp\/v2\/posts\/267\/revisions"}],"wp:attachment":[{"href":"https:\/\/fetrib.com\/web\/wp-json\/wp\/v2\/media?parent=267"}],"wp:term":[{"taxonomy":"category","embeddable":true,"href":"https:\/\/fetrib.com\/web\/wp-json\/wp\/v2\/categories?post=267"},{"taxonomy":"post_tag","embeddable":true,"href":"https:\/\/fetrib.com\/web\/wp-json\/wp\/v2\/tags?post=267"}],"curies":[{"name":"wp","href":"https:\/\/api.w.org\/{rel}","templated":true}]}}