{"id":2676,"date":"2019-09-30T08:48:02","date_gmt":"2019-09-30T08:48:02","guid":{"rendered":"http:\/\/fetrib.com\/web\/?p=2676"},"modified":"2019-09-30T08:49:38","modified_gmt":"2019-09-30T08:49:38","slug":"xisc-tous-subcampiona-despanya-de-triatlo","status":"publish","type":"post","link":"https:\/\/fetrib.com\/web\/2019\/09\/30\/xisc-tous-subcampiona-despanya-de-triatlo\/","title":{"rendered":"Xisca Tous subcampiona d&#8217;Espanya de Triatl\u00f3"},"content":{"rendered":"<p>Xisca Tous s&#8217;ha proclamat subcampiona d&#8217;Espanya de Triatl\u00f3 en una prova que es disputa el passat 28 de setembre a A Coru\u00f1a.<\/p>\n<p>La prova s&#8217;inica a les 16h amb unes condicions clim\u00e0tiques espectaculars. Sara P\u00e9rez lider\u00e0 la prova des de l&#8217;inici de la nataci\u00f3, arribant a la T1 amb 1&#8217;30\u00bb sobre un grup perseguidor d&#8217;unes 15 unitats en el que es trobava Xisca Tous. Durant el segment ciclista P\u00e9rez continu\u00e0 amb el seu domini sense que el grup perseguidor aconsegu\u00eds agafarla, arribant a la T2 amb prop de 2&#8242; d&#8217;avantatge.<\/p>\n<p>Aquest esfor\u00e7 pass\u00e0 factura a la triatleta que acab\u00e0 retirant-se en el sector de carrera. En aquest moment Tamara G\u00f3mez pass\u00e0 a liderar el campionat d&#8217;Espanya que finalment aconseguiria. Xisca Tous disput\u00e0 un emocionant sprint per la segona posici\u00f3 amb Camila Alonso, duguent-se la vict\u00f2ria la balear, aconseguint aix\u00ed el subcampionat nacional.<\/p>\n<p>Xisca Tous conclou d&#8217;aquesta manera un espectacular estiu, essent campiona d&#8217;Espanya d&#8217;Aquatl\u00f3, subcampiona de triatl\u00f3 i triatl\u00f3 sprint i una magn\u00edfica d\u00e8cima posici\u00f3 a la copa del m\u00f3n de Weihai.<\/p>\n","protected":false},"excerpt":{"rendered":"<p>Xisca Tous s&#8217;ha proclamat subcampiona d&#8217;Espanya de Triatl\u00f3 en una prova que es disputa el passat 28 de setembre a A Coru\u00f1a. La prova s&#8217;inica a les 16h amb unes condicions clim\u00e0tiques espectaculars. Sara P\u00e9rez lider\u00e0 la prova des de l&#8217;inici de la nataci\u00f3, arribant a la T1 amb 1&#8217;30\u00bb sobre un grup perseguidor d&#8217;unes &#8230;<\/p>\n","protected":false},"author":1,"featured_media":2677,"comment_status":"closed","ping_status":"open","sticky":false,"template":"","format":"standard","meta":{"_uag_custom_page_level_css":"","footnotes":""},"categories":[1],"tags":[],"class_list":["post-2676","post","type-post","status-publish","format-standard","has-post-thumbnail","hentry","category-general"],"uagb_featured_image_src":{"full":["https:\/\/fetrib.com\/web\/wp-content\/uploads\/2019\/09\/IMG-20190930-WA0011.jpg",1600,1066,false],"thumbnail":["https:\/\/fetrib.com\/web\/wp-content\/uploads\/2019\/09\/IMG-20190930-WA0011-150x150.jpg",150,150,true],"medium":["https:\/\/fetrib.com\/web\/wp-content\/uploads\/2019\/09\/IMG-20190930-WA0011-300x200.jpg",300,200,true],"medium_large":["https:\/\/fetrib.com\/web\/wp-content\/uploads\/2019\/09\/IMG-20190930-WA0011-768x512.jpg",620,413,true],"large":["https:\/\/fetrib.com\/web\/wp-content\/uploads\/2019\/09\/IMG-20190930-WA0011-1024x682.jpg",620,413,true],"1536x1536":["https:\/\/fetrib.com\/web\/wp-content\/uploads\/2019\/09\/IMG-20190930-WA0011.jpg",1536,1023,false],"2048x2048":["https:\/\/fetrib.com\/web\/wp-content\/uploads\/2019\/09\/IMG-20190930-WA0011.jpg",1600,1066,false],"tie-small":["https:\/\/fetrib.com\/web\/wp-content\/uploads\/2019\/09\/IMG-20190930-WA0011-70x70.jpg",70,70,true],"tie-large":["https:\/\/fetrib.com\/web\/wp-content\/uploads\/2019\/09\/IMG-20190930-WA0011-300x160.jpg",300,160,true],"slider":["https:\/\/fetrib.com\/web\/wp-content\/uploads\/2019\/09\/IMG-20190930-WA0011-620x330.jpg",620,330,true]},"uagb_author_info":{"display_name":"admin","author_link":"https:\/\/fetrib.com\/web\/author\/admin\/"},"uagb_comment_info":0,"uagb_excerpt":"Xisca Tous s&#8217;ha proclamat subcampiona d&#8217;Espanya de Triatl\u00f3 en una prova que es disputa el passat 28 de setembre a A Coru\u00f1a. La prova s&#8217;inica a les 16h amb unes condicions clim\u00e0tiques espectaculars. Sara P\u00e9rez lider\u00e0 la prova des de l&#8217;inici de la nataci\u00f3, arribant a la T1 amb 1&#8217;30\u00bb sobre un grup perseguidor d&#8217;unes&hellip;","_links":{"self":[{"href":"https:\/\/fetrib.com\/web\/wp-json\/wp\/v2\/posts\/2676","targetHints":{"allow":["GET"]}}],"collection":[{"href":"https:\/\/fetrib.com\/web\/wp-json\/wp\/v2\/posts"}],"about":[{"href":"https:\/\/fetrib.com\/web\/wp-json\/wp\/v2\/types\/post"}],"author":[{"embeddable":true,"href":"https:\/\/fetrib.com\/web\/wp-json\/wp\/v2\/users\/1"}],"replies":[{"embeddable":true,"href":"https:\/\/fetrib.com\/web\/wp-json\/wp\/v2\/comments?post=2676"}],"version-history":[{"count":4,"href":"https:\/\/fetrib.com\/web\/wp-json\/wp\/v2\/posts\/2676\/revisions"}],"predecessor-version":[{"id":2681,"href":"https:\/\/fetrib.com\/web\/wp-json\/wp\/v2\/posts\/2676\/revisions\/2681"}],"wp:featuredmedia":[{"embeddable":true,"href":"https:\/\/fetrib.com\/web\/wp-json\/wp\/v2\/media\/2677"}],"wp:attachment":[{"href":"https:\/\/fetrib.com\/web\/wp-json\/wp\/v2\/media?parent=2676"}],"wp:term":[{"taxonomy":"category","embeddable":true,"href":"https:\/\/fetrib.com\/web\/wp-json\/wp\/v2\/categories?post=2676"},{"taxonomy":"post_tag","embeddable":true,"href":"https:\/\/fetrib.com\/web\/wp-json\/wp\/v2\/tags?post=2676"}],"curies":[{"name":"wp","href":"https:\/\/api.w.org\/{rel}","templated":true}]}}