{"id":268,"date":"2013-06-24T10:38:36","date_gmt":"2013-06-24T10:38:36","guid":{"rendered":"http:\/\/www.fetrib.com\/web2018\/news\/latest-news\/irene-company-i-joan-nadal-campions-despanya\/"},"modified":"2013-06-24T10:38:36","modified_gmt":"2013-06-24T10:38:36","slug":"irene-company-i-joan-nadal-campions-despanya","status":"publish","type":"post","link":"https:\/\/fetrib.com\/web\/2013\/06\/24\/irene-company-i-joan-nadal-campions-despanya\/","title":{"rendered":"Irene Company i Joan Nadal campions d&#8217;Espanya"},"content":{"rendered":"<p>\u00a0<\/p>\n<p style=\"text-align: center;\"><img decoding=\"async\" src=\"images\/stories\/nadal i company altafulla.jpg\" border=\"0\" width=\"75%\" \/><\/p>\n<p style=\"text-align: justify;\">Irene Company i Joan Nadal s&#8217;han proclamat aquest cap de setmana campions d&#8217;Espanya de triatl\u00f3 sprint en cada una de les seves categories<\/p>\n<p style=\"text-align: justify;\">  <!--more-->  <\/p>\n<p style=\"text-align: justify;\">EL campionat disputat Altafulla es va c\u00f2rrer sobre les dist\u00e0ncies 750-20-5.<\/p>\n<p style=\"text-align: justify;\">Joan Nadal, en el grup 30-34, es va imposar al segon classificat per 7 segons de difer\u00e8ncia, gr\u00e0cies a aconseguir els millors parcials de bici i de carrera del seu grup.<\/p>\n<p style=\"text-align: justify;\">Per la seva banda, Irene Company en el grup 25-29, amb el millor parcial de carrera del seu grup s&#8217;impos\u00e0 amb m\u00e9s de 2 minuts de difer\u00e8ncia respecte a la segona classificada.<\/p>\n","protected":false},"excerpt":{"rendered":"<p>\u00a0 Irene Company i Joan Nadal s&#8217;han proclamat aquest cap de setmana campions d&#8217;Espanya de triatl\u00f3 sprint en cada una de les seves categories<\/p>\n","protected":false},"author":1,"featured_media":0,"comment_status":"open","ping_status":"open","sticky":false,"template":"","format":"standard","meta":{"_uag_custom_page_level_css":"","footnotes":""},"categories":[37],"tags":[],"class_list":["post-268","post","type-post","status-publish","format-standard","hentry","category-latest-news"],"uagb_featured_image_src":{"full":false,"thumbnail":false,"medium":false,"medium_large":false,"large":false,"1536x1536":false,"2048x2048":false,"tie-small":false,"tie-large":false,"slider":false},"uagb_author_info":{"display_name":"admin","author_link":"https:\/\/fetrib.com\/web\/author\/admin\/"},"uagb_comment_info":0,"uagb_excerpt":"\u00a0 Irene Company i Joan Nadal s&#8217;han proclamat aquest cap de setmana campions d&#8217;Espanya de triatl\u00f3 sprint en cada una de les seves categories","_links":{"self":[{"href":"https:\/\/fetrib.com\/web\/wp-json\/wp\/v2\/posts\/268","targetHints":{"allow":["GET"]}}],"collection":[{"href":"https:\/\/fetrib.com\/web\/wp-json\/wp\/v2\/posts"}],"about":[{"href":"https:\/\/fetrib.com\/web\/wp-json\/wp\/v2\/types\/post"}],"author":[{"embeddable":true,"href":"https:\/\/fetrib.com\/web\/wp-json\/wp\/v2\/users\/1"}],"replies":[{"embeddable":true,"href":"https:\/\/fetrib.com\/web\/wp-json\/wp\/v2\/comments?post=268"}],"version-history":[{"count":0,"href":"https:\/\/fetrib.com\/web\/wp-json\/wp\/v2\/posts\/268\/revisions"}],"wp:attachment":[{"href":"https:\/\/fetrib.com\/web\/wp-json\/wp\/v2\/media?parent=268"}],"wp:term":[{"taxonomy":"category","embeddable":true,"href":"https:\/\/fetrib.com\/web\/wp-json\/wp\/v2\/categories?post=268"},{"taxonomy":"post_tag","embeddable":true,"href":"https:\/\/fetrib.com\/web\/wp-json\/wp\/v2\/tags?post=268"}],"curies":[{"name":"wp","href":"https:\/\/api.w.org\/{rel}","templated":true}]}}