{"id":271,"date":"2013-06-28T14:44:53","date_gmt":"2013-06-28T14:44:53","guid":{"rendered":"http:\/\/www.fetrib.com\/web2018\/uncategorised\/campionat-despanya-escolar-alfaz-del-pi10\/"},"modified":"2013-06-28T14:44:53","modified_gmt":"2013-06-28T14:44:53","slug":"campionat-despanya-escolar-alfaz-del-pi10","status":"publish","type":"post","link":"https:\/\/fetrib.com\/web\/2013\/06\/28\/campionat-despanya-escolar-alfaz-del-pi10\/","title":{"rendered":"Campionat d&#8217;Espanya Escolar Alfaz del Pi"},"content":{"rendered":"<p>\u00a0<\/p>\n<p style=\"text-align: center;\"><img decoding=\"async\" src=\"images\/stories\/seleccio cadet.jpg\" border=\"0\" width=\"75%\" \/><\/p>\n<p style=\"text-align: justify;\">Bona actuaci\u00f3 dels cadets balears en el Campionat d&#8217;Espanya Escolar celebrat a Alfaz del Pi.<\/p>\n<p style=\"text-align: justify;\">Cinquena posici\u00f3 per a la selecci\u00f3 masculina i novena per a la femenina.<\/p>\n<p>  <!--more-->  <\/p>\n<p style=\"text-align: justify;\">Durant la primera jornada es celebr\u00e0 un aquatl\u00f3 sobre unes dist\u00e0ncies de 1.5km de carrera, 500 mts. nadant i 1.5km de carrera. Els nostres representats quedaren de la seg\u00fcent manera.<\/p>\n<ul>\n<li>15 Joan Noguera<\/li>\n<li>24 Javier Oliver<\/li>\n<li>29 Manuel Garc\u00eda<\/li>\n<li>30 Daniel Pons<\/li>\n<\/ul>\n<p style=\"text-align: justify;\">Pel que fa a l&#8217;equip femen\u00ed:<\/p>\n<ul>\n<li>10 Cristina Tortella<\/li>\n<li>22 Claudia Crespillo<\/li>\n<li>48 Marta Jimenez<\/li>\n<\/ul>\n<p style=\"text-align: justify;\">A la segona jornada es disput\u00e0 el campionat de triatl\u00f3 per relleus, on l&#8217;equip mascul\u00ed qued\u00e0 en una merit\u00f2ria 5ena pla\u00e7a, mentre que l&#8217;equip femen\u00ed, en la seva primera participaci\u00f3, qued\u00e0 en el nov\u00e8 lloc.<\/p>\n<p style=\"text-align: justify;\">En el seg\u00fcent enlla\u00e7 podeu trobar les classificacions<\/p>\n<p style=\"text-align: justify;\"><a href=\"http:\/\/www.triatlocv.es\/index.php\/118-resultados\/316-resultados-competiciones\">http:\/\/www.triatlocv.es\/index.php\/118-resultados\/316-resultados-competiciones<\/a><\/p>\n<p style=\"text-align: justify;\">Enhorabona a tots!!!!<\/p>\n","protected":false},"excerpt":{"rendered":"<p>\u00a0 Bona actuaci\u00f3 dels cadets balears en el Campionat d&#8217;Espanya Escolar celebrat a Alfaz del Pi. Cinquena posici\u00f3 per a la selecci\u00f3 masculina i novena per a la femenina.<\/p>\n","protected":false},"author":1,"featured_media":0,"comment_status":"open","ping_status":"open","sticky":false,"template":"","format":"standard","meta":{"_uag_custom_page_level_css":"","footnotes":""},"categories":[46],"tags":[],"class_list":["post-271","post","type-post","status-publish","format-standard","hentry","category-triatlo"],"uagb_featured_image_src":{"full":false,"thumbnail":false,"medium":false,"medium_large":false,"large":false,"1536x1536":false,"2048x2048":false,"tie-small":false,"tie-large":false,"slider":false},"uagb_author_info":{"display_name":"admin","author_link":"https:\/\/fetrib.com\/web\/author\/admin\/"},"uagb_comment_info":0,"uagb_excerpt":"\u00a0 Bona actuaci\u00f3 dels cadets balears en el Campionat d&#8217;Espanya Escolar celebrat a Alfaz del Pi. Cinquena posici\u00f3 per a la selecci\u00f3 masculina i novena per a la femenina.","_links":{"self":[{"href":"https:\/\/fetrib.com\/web\/wp-json\/wp\/v2\/posts\/271","targetHints":{"allow":["GET"]}}],"collection":[{"href":"https:\/\/fetrib.com\/web\/wp-json\/wp\/v2\/posts"}],"about":[{"href":"https:\/\/fetrib.com\/web\/wp-json\/wp\/v2\/types\/post"}],"author":[{"embeddable":true,"href":"https:\/\/fetrib.com\/web\/wp-json\/wp\/v2\/users\/1"}],"replies":[{"embeddable":true,"href":"https:\/\/fetrib.com\/web\/wp-json\/wp\/v2\/comments?post=271"}],"version-history":[{"count":0,"href":"https:\/\/fetrib.com\/web\/wp-json\/wp\/v2\/posts\/271\/revisions"}],"wp:attachment":[{"href":"https:\/\/fetrib.com\/web\/wp-json\/wp\/v2\/media?parent=271"}],"wp:term":[{"taxonomy":"category","embeddable":true,"href":"https:\/\/fetrib.com\/web\/wp-json\/wp\/v2\/categories?post=271"},{"taxonomy":"post_tag","embeddable":true,"href":"https:\/\/fetrib.com\/web\/wp-json\/wp\/v2\/tags?post=271"}],"curies":[{"name":"wp","href":"https:\/\/api.w.org\/{rel}","templated":true}]}}