{"id":274,"date":"2013-07-03T07:25:04","date_gmt":"2013-07-03T07:25:04","guid":{"rendered":"http:\/\/www.fetrib.com\/web2018\/escolar-base\/cinic-daquatlo-per-a-categories-base-a-andratx\/"},"modified":"2013-07-03T07:25:04","modified_gmt":"2013-07-03T07:25:04","slug":"cinic-daquatlo-per-a-categories-base-a-andratx","status":"publish","type":"post","link":"https:\/\/fetrib.com\/web\/2013\/07\/03\/cinic-daquatlo-per-a-categories-base-a-andratx\/","title":{"rendered":"Cl\u00ednic d&#8217;aquatl\u00f3 per a categories base a Andratx"},"content":{"rendered":"<p style=\"text-align: center;\"><img decoding=\"async\" src=\"images\/stories\/clinic andratx.jpg\" border=\"0\" width=\"75%\" \/><\/p>\n<p>El passat divendres 28 de juny es va realitzar a la piscina municipal  d&#8217;Andratx i a les instal\u00b7lacions exteriors del ceip \u00abes Vinyet\u00bb un  cl\u00ednic d&#8217;aquatl\u00f3 per a categories base.<\/p>\n<p>  <!--more-->  <\/p>\n<p>Uns 40 esportistes participaren de l&#8217;activitat que es va dividir en dues parts:<\/p>\n<p> Primer, una xerrada t\u00e9cnica, en que es va parlar del reglament i dist\u00e0ncies de l&#8217;aquatl\u00f3, a c\u00e0rreg del jutge Sebasti\u00e0 Morell.<\/p>\n<p> Segon, una part pr\u00e0ctica en que els esportistes rotaren per dues activitats, una d&#8217;atletisme i una altre de nataci\u00f3.<\/p>\n<p> Els t\u00e8cnics encarregats de cada secci\u00f3 van ser, en David Atienza i Biel  Arrom (a la secci\u00f3 d&#8217;aigua) i en Guillem Soler i Josep Maria Buendia (a  la secci\u00f3 de carrera)<\/p>\n<p> Una jornada l\u00fadica en la que s&#8217;han treballat aspectes t\u00e8cnics per  preparar la lliga d&#8217;aquatlons del Corte Ingl\u00e9s que comen\u00e7a el proper  diumenge 7 de juliol.<\/p>\n<p>\u00a0<\/p>\n","protected":false},"excerpt":{"rendered":"<p>El passat divendres 28 de juny es va realitzar a la piscina municipal d&#8217;Andratx i a les instal\u00b7lacions exteriors del ceip \u00abes Vinyet\u00bb un cl\u00ednic d&#8217;aquatl\u00f3 per a categories base.<\/p>\n","protected":false},"author":1,"featured_media":0,"comment_status":"open","ping_status":"open","sticky":false,"template":"","format":"standard","meta":{"_uag_custom_page_level_css":"","footnotes":""},"categories":[29],"tags":[],"class_list":["post-274","post","type-post","status-publish","format-standard","hentry","category-escolar-base"],"uagb_featured_image_src":{"full":false,"thumbnail":false,"medium":false,"medium_large":false,"large":false,"1536x1536":false,"2048x2048":false,"tie-small":false,"tie-large":false,"slider":false},"uagb_author_info":{"display_name":"admin","author_link":"https:\/\/fetrib.com\/web\/author\/admin\/"},"uagb_comment_info":0,"uagb_excerpt":"El passat divendres 28 de juny es va realitzar a la piscina municipal d&#8217;Andratx i a les instal\u00b7lacions exteriors del ceip \u00abes Vinyet\u00bb un cl\u00ednic d&#8217;aquatl\u00f3 per a categories base.","_links":{"self":[{"href":"https:\/\/fetrib.com\/web\/wp-json\/wp\/v2\/posts\/274","targetHints":{"allow":["GET"]}}],"collection":[{"href":"https:\/\/fetrib.com\/web\/wp-json\/wp\/v2\/posts"}],"about":[{"href":"https:\/\/fetrib.com\/web\/wp-json\/wp\/v2\/types\/post"}],"author":[{"embeddable":true,"href":"https:\/\/fetrib.com\/web\/wp-json\/wp\/v2\/users\/1"}],"replies":[{"embeddable":true,"href":"https:\/\/fetrib.com\/web\/wp-json\/wp\/v2\/comments?post=274"}],"version-history":[{"count":0,"href":"https:\/\/fetrib.com\/web\/wp-json\/wp\/v2\/posts\/274\/revisions"}],"wp:attachment":[{"href":"https:\/\/fetrib.com\/web\/wp-json\/wp\/v2\/media?parent=274"}],"wp:term":[{"taxonomy":"category","embeddable":true,"href":"https:\/\/fetrib.com\/web\/wp-json\/wp\/v2\/categories?post=274"},{"taxonomy":"post_tag","embeddable":true,"href":"https:\/\/fetrib.com\/web\/wp-json\/wp\/v2\/tags?post=274"}],"curies":[{"name":"wp","href":"https:\/\/api.w.org\/{rel}","templated":true}]}}