{"id":277,"date":"2013-07-14T17:30:15","date_gmt":"2013-07-14T17:30:15","guid":{"rendered":"http:\/\/www.fetrib.com\/web2018\/uncategorised\/vi-lliga-aquatlons-el-corte-ingles-ciutat-de-palma\/"},"modified":"2013-07-14T17:30:15","modified_gmt":"2013-07-14T17:30:15","slug":"vi-lliga-aquatlons-el-corte-ingles-ciutat-de-palma","status":"publish","type":"post","link":"https:\/\/fetrib.com\/web\/2013\/07\/14\/vi-lliga-aquatlons-el-corte-ingles-ciutat-de-palma\/","title":{"rendered":"VI Lliga Aquatlons El Corte Ingl\u00e9s, Ciutat de Palma"},"content":{"rendered":"<div style=\"font-size: 12.9256px; font-family: sans-serif; left: 110.399px; top: 361.793px; transform: scale(0.975804, 1); transform-origin: 0% 0% 0px; text-align: center;\" dir=\"ltr\"><img decoding=\"async\" src=\"images\/stories\/podium aquatlo penyon.jpg\" border=\"0\" width=\"75%\" \/><\/div>\n<div style=\"font-size: 12.9256px; font-family: sans-serif; left: 110.399px; top: 361.793px; transform: scale(0.975804, 1); transform-origin: 0% 0% 0px;\" dir=\"ltr\">Esta ma\u00f1ana ha tenido lugar la segunda prueba de la VI Liga de Acuatlones El Corte Ingl\u00e9s, Ciutat de Palma.<\/div>\n<div style=\"font-size: 12.9256px; font-family: sans-serif; left: 110.399px; top: 361.793px; transform: scale(0.975804, 1); transform-origin: 0% 0% 0px;\" dir=\"ltr\">  <!--more-->  <\/div>\n<div style=\"font-size: 12.9256px; font-family: sans-serif; left: 437.279px; top: 391.553px; transform: scale(1.00042, 1); transform-origin: 0% 0% 0px;\" dir=\"ltr\">Con una meteorolog\u00eda veraniega de aproximadamente 30\u00ba se ha celebrado las pruebas infantiles y de<\/div>\n<div style=\"font-size: 12.9256px; font-family: sans-serif; left: 414.559px; top: 406.433px; transform: scale(1.02414, 1); transform-origin: 0% 0% 0px;\" dir=\"ltr\">adultos que tendr\u00e1n su gran final el pr\u00f3ximo domingo 21 de Julio en Can Pere Antoni donde tambi\u00e9n<\/div>\n<div style=\"font-size: 12.9256px; font-family: sans-serif; left: 396.799px; top: 421.473px; transform: scale(0.990595, 1); transform-origin: 0% 0% 0px;\" dir=\"ltr\">se celebrar\u00e1 la entrega de trofeos final en el Anima Beach Club.<\/div>\n<div style=\"font-size: 12.9256px; font-family: sans-serif; left: 110.399px; top: 466.113px; transform: scale(0.994444, 1); transform-origin: 0% 0% 0px;\" dir=\"ltr\">A  las  09:00h  se  han  disputado  las  pruebas  de  distancias  infantiles  con  el  soporte  del  Consell  de Mallorca para el deporte base con m\u00e1s de 70 ni\u00f1os.<\/div>\n<div style=\"font-size: 12.9256px; font-family: sans-serif; left: 412.479px; top: 510.913px; transform: scale(1.01007, 1); transform-origin: 0% 0% 0px;\" dir=\"ltr\">A  las  09:30h  se  ha  dado  la  salida  a  la  prueba  de  distancia  SPRINT  que  ha  contado  con  200 participantes que han completado las distancias de 2,5km. de carrera a pie, 1000m de nataci\u00f3n y 2,5<\/div>\n<div style=\"font-size: 12.9256px; font-family: sans-serif; left: 110.399px; top: 525.953px; transform: scale(0.99423, 1); transform-origin: 0% 0% 0px;\" dir=\"ltr\">km finales de carrera a pie.<\/div>\n<div style=\"font-size: 12.9256px; font-family: sans-serif; left: 404.96px; top: 555.713px; transform: scale(0.991645, 1); transform-origin: 0% 0% 0px;\" dir=\"ltr\">La salida ha sido realizada por Dami\u00e0 Vich, Director de Deportes del Ayuntamiento de Palma.<\/div>\n<div style=\"font-size: 12.9256px; font-family: sans-serif; left: 216.159px; top: 644.833px; transform: scale(1.07044, 1); transform-origin: 0% 0% 0px;\" dir=\"ltr\">El  ganador  absoluto  de  la  prueba,  Fernando  Rodriguez  del  club  Gymnapolis  de  Soller, completando en 34 minutos:31 segundos, seguido de Rodrigo Chaves del Triatl\u00f3n Xtrem Calvi\u00e0 a 9 segundos y de Biel Oliver del Mallorcatraining M3T a casi 1 minuto del ganador. La primera f\u00e9mina, Adel Molnar del CE Gomila<\/div>\n<div style=\"font-size: 12.9256px; font-family: sans-serif; left: 387.519px; top: 734.753px; transform: scale(0.908905, 1); transform-origin: 0% 0% 0px;\" dir=\"ltr\">ha realizado el recorrido en 40\u201927\u2019\u2019 seguida de Irene Company y de Francisca de Villalonga. Desde  la  organizaci\u00f3n  deseamos  agradecer  la  ayuda  del  Ayuntamiento  de  Palma,  Polic\u00eda  local  de Palma,Emaya y voluntarios que nos han ayudado a que esta prueba haya sido un \u00e9xito y esperamos poder contar con ellos en la cita final 21 de Julio.<\/div>\n<div style=\"font-size: 12.9256px; font-family: sans-serif; left: 415.679px; top: 764.673px; transform: scale(0.938486, 1); transform-origin: 0% 0% 0px;\" dir=\"ltr\">Se pueden descargar las clasificaciones completas <a href=\"http:\/\/www.xtrmtracker.com\/Documentos\/0000199\/1aefb83f4a924fa89289b3a60ee14373\/PLANTILLA_CLAS_AQUATL%C3%93N_-_PENYON.pdf\">aqu\u00ed<\/a><\/div>\n","protected":false},"excerpt":{"rendered":"<p>Esta ma\u00f1ana ha tenido lugar la segunda prueba de la VI Liga de Acuatlones El Corte Ingl\u00e9s, Ciutat de Palma.<\/p>\n","protected":false},"author":1,"featured_media":0,"comment_status":"open","ping_status":"open","sticky":false,"template":"","format":"standard","meta":{"_uag_custom_page_level_css":"","footnotes":""},"categories":[46],"tags":[],"class_list":["post-277","post","type-post","status-publish","format-standard","hentry","category-triatlo"],"uagb_featured_image_src":{"full":false,"thumbnail":false,"medium":false,"medium_large":false,"large":false,"1536x1536":false,"2048x2048":false,"tie-small":false,"tie-large":false,"slider":false},"uagb_author_info":{"display_name":"admin","author_link":"https:\/\/fetrib.com\/web\/author\/admin\/"},"uagb_comment_info":0,"uagb_excerpt":"Esta ma\u00f1ana ha tenido lugar la segunda prueba de la VI Liga de Acuatlones El Corte Ingl\u00e9s, Ciutat de Palma.","_links":{"self":[{"href":"https:\/\/fetrib.com\/web\/wp-json\/wp\/v2\/posts\/277","targetHints":{"allow":["GET"]}}],"collection":[{"href":"https:\/\/fetrib.com\/web\/wp-json\/wp\/v2\/posts"}],"about":[{"href":"https:\/\/fetrib.com\/web\/wp-json\/wp\/v2\/types\/post"}],"author":[{"embeddable":true,"href":"https:\/\/fetrib.com\/web\/wp-json\/wp\/v2\/users\/1"}],"replies":[{"embeddable":true,"href":"https:\/\/fetrib.com\/web\/wp-json\/wp\/v2\/comments?post=277"}],"version-history":[{"count":0,"href":"https:\/\/fetrib.com\/web\/wp-json\/wp\/v2\/posts\/277\/revisions"}],"wp:attachment":[{"href":"https:\/\/fetrib.com\/web\/wp-json\/wp\/v2\/media?parent=277"}],"wp:term":[{"taxonomy":"category","embeddable":true,"href":"https:\/\/fetrib.com\/web\/wp-json\/wp\/v2\/categories?post=277"},{"taxonomy":"post_tag","embeddable":true,"href":"https:\/\/fetrib.com\/web\/wp-json\/wp\/v2\/tags?post=277"}],"curies":[{"name":"wp","href":"https:\/\/api.w.org\/{rel}","templated":true}]}}