{"id":2790,"date":"2020-02-17T17:12:57","date_gmt":"2020-02-17T17:12:57","guid":{"rendered":"http:\/\/fetrib.com\/web\/?p=2790"},"modified":"2020-02-17T17:13:19","modified_gmt":"2020-02-17T17:13:19","slug":"comunicat-fetrib-2","status":"publish","type":"post","link":"https:\/\/fetrib.com\/web\/2020\/02\/17\/comunicat-fetrib-2\/","title":{"rendered":"Comunicat Fetrib"},"content":{"rendered":"<p>Des de la Federaci\u00f3 de Triatl\u00f3 de les Illes Balears volem mostrar tot el nostre suport a tots aquells petits organitzadors i clubs, que de manera altruista, s&#8217;embarquen en l&#8217;organitzaci\u00f3 de proves esportives lligades a l&#8217;esport del Triatl\u00f3 i Duatl\u00f3 a les nostres illes. Aquests organitzadors, s\u00f3n els que en el seu dia, van aconseguir l&#8217;auge del nostre esport i sobretot, la base, dels grans esdeveniments amb qu\u00e8 comptam a les illes, IronMan, Mallorca 140, Half Eivissa, Half Menorca, Totaltrimallorca, Triatl\u00f3 de Portocolom entre altres proves de car\u00e0cter internacional.<br \/>\nDes de la Fetrib, entenem que tot el personal organitzatiu i sobretot de seguretat com la policia, gu\u00e0rdia civil etc, indispensable per a aquests esdeveniments, tengui un salari i retribicions dignes condicionades a la tasca que desenvolupen, per\u00f2 en canvi, no compartim que utilitzin el nostre esport com a mesura de presi\u00f3 i xantatge per un negociat de retribucions, quan hauria de primar el di\u00e0leg i el consens entre les parts, evitant el perjudici a tercers, com la situaci\u00f3 actual que ha obligat la suspensi\u00f3 de la tradicional duatl\u00f3 de Can Picafort.<\/p>\n<p>Comunicaci\u00f3 organitzador, Miquel Ensenyat Morey.<\/p>\n<p>DUATLO DE CAN PICAFORT!!!SUSPES!!!<\/p>\n<p>DESPRES DE 12 ANYS MONTANT PROVES AL NOSTRE MUNICIPI DE CAN PICAFORT, LAMENTAM DE TOT COR COMUNICAR, QUE ENGUANY EL DUATLO DE CAN PICAFORT NO ES CEL.LEBRARA, DAGUT A PROBLEMES INTERNS ENTRE L\u2019AJUNTAMENT I LA POLICIA LOCAL, FENT AQUEST DARRER UN INFORME NEGATIU A SA PROVA, AL NO GARANTITZAR LA SEGURETAT DELS PARTICIPANTS. JA SABEU QUE JO I ELS Q M\u2019AJUDEN A MONTAR SES PROVES, QUE SON MOLTS, HEM DEDICAT MOLTES HORES DEL NOSTRE TEMPS LLIURE,PERQUE ELS DUATLONS I TRIATLONS FOSSIN UN REFERENT PER A VOLTROS, I AIXI HO SEGUIRIEM FENT, PERO SI NO HI HA COL.LABORACIO PER PART DE TOTS ELS IMPLICATS, NO ES VIABLE MONTAR CARRERES.<br \/>\nHO SENTIM MOLT TENIR QUE COMUNICAR AQUESTA DIFICIL SITUACIO.<br \/>\nESPERAM QUE AIXO S\u2019ARREGLI AVIAT I POGUEM SEGUIR MONTANT PROVES, PERQUE EL DUATLO I EL TRIATLO AL NOSTRA MUNICIPI, SEGUEIXI ESSENT UN REFERENT PER A TOTS.<br \/>\nGRACIES<\/p>\n","protected":false},"excerpt":{"rendered":"<p>Des de la Federaci\u00f3 de Triatl\u00f3 de les Illes Balears volem mostrar tot el nostre suport a tots aquells petits organitzadors i clubs, que de manera altruista, s&#8217;embarquen en l&#8217;organitzaci\u00f3 de proves esportives lligades a l&#8217;esport del Triatl\u00f3 i Duatl\u00f3 a les nostres illes. Aquests organitzadors, s\u00f3n els que en el seu dia, van aconseguir &#8230;<\/p>\n","protected":false},"author":1,"featured_media":2791,"comment_status":"closed","ping_status":"open","sticky":false,"template":"","format":"standard","meta":{"_uag_custom_page_level_css":"","footnotes":""},"categories":[1],"tags":[],"class_list":["post-2790","post","type-post","status-publish","format-standard","has-post-thumbnail","hentry","category-general"],"uagb_featured_image_src":{"full":["https:\/\/fetrib.com\/web\/wp-content\/uploads\/2020\/02\/IMG-20200217-WA0009.jpg",400,566,false],"thumbnail":["https:\/\/fetrib.com\/web\/wp-content\/uploads\/2020\/02\/IMG-20200217-WA0009-150x150.jpg",150,150,true],"medium":["https:\/\/fetrib.com\/web\/wp-content\/uploads\/2020\/02\/IMG-20200217-WA0009-212x300.jpg",212,300,true],"medium_large":["https:\/\/fetrib.com\/web\/wp-content\/uploads\/2020\/02\/IMG-20200217-WA0009.jpg",400,566,false],"large":["https:\/\/fetrib.com\/web\/wp-content\/uploads\/2020\/02\/IMG-20200217-WA0009.jpg",400,566,false],"1536x1536":["https:\/\/fetrib.com\/web\/wp-content\/uploads\/2020\/02\/IMG-20200217-WA0009.jpg",400,566,false],"2048x2048":["https:\/\/fetrib.com\/web\/wp-content\/uploads\/2020\/02\/IMG-20200217-WA0009.jpg",400,566,false],"tie-small":["https:\/\/fetrib.com\/web\/wp-content\/uploads\/2020\/02\/IMG-20200217-WA0009-70x70.jpg",70,70,true],"tie-large":["https:\/\/fetrib.com\/web\/wp-content\/uploads\/2020\/02\/IMG-20200217-WA0009-300x160.jpg",300,160,true],"slider":["https:\/\/fetrib.com\/web\/wp-content\/uploads\/2020\/02\/IMG-20200217-WA0009-400x330.jpg",400,330,true]},"uagb_author_info":{"display_name":"admin","author_link":"https:\/\/fetrib.com\/web\/author\/admin\/"},"uagb_comment_info":0,"uagb_excerpt":"Des de la Federaci\u00f3 de Triatl\u00f3 de les Illes Balears volem mostrar tot el nostre suport a tots aquells petits organitzadors i clubs, que de manera altruista, s&#8217;embarquen en l&#8217;organitzaci\u00f3 de proves esportives lligades a l&#8217;esport del Triatl\u00f3 i Duatl\u00f3 a les nostres illes. Aquests organitzadors, s\u00f3n els que en el seu dia, van aconseguir&hellip;","_links":{"self":[{"href":"https:\/\/fetrib.com\/web\/wp-json\/wp\/v2\/posts\/2790","targetHints":{"allow":["GET"]}}],"collection":[{"href":"https:\/\/fetrib.com\/web\/wp-json\/wp\/v2\/posts"}],"about":[{"href":"https:\/\/fetrib.com\/web\/wp-json\/wp\/v2\/types\/post"}],"author":[{"embeddable":true,"href":"https:\/\/fetrib.com\/web\/wp-json\/wp\/v2\/users\/1"}],"replies":[{"embeddable":true,"href":"https:\/\/fetrib.com\/web\/wp-json\/wp\/v2\/comments?post=2790"}],"version-history":[{"count":1,"href":"https:\/\/fetrib.com\/web\/wp-json\/wp\/v2\/posts\/2790\/revisions"}],"predecessor-version":[{"id":2792,"href":"https:\/\/fetrib.com\/web\/wp-json\/wp\/v2\/posts\/2790\/revisions\/2792"}],"wp:featuredmedia":[{"embeddable":true,"href":"https:\/\/fetrib.com\/web\/wp-json\/wp\/v2\/media\/2791"}],"wp:attachment":[{"href":"https:\/\/fetrib.com\/web\/wp-json\/wp\/v2\/media?parent=2790"}],"wp:term":[{"taxonomy":"category","embeddable":true,"href":"https:\/\/fetrib.com\/web\/wp-json\/wp\/v2\/categories?post=2790"},{"taxonomy":"post_tag","embeddable":true,"href":"https:\/\/fetrib.com\/web\/wp-json\/wp\/v2\/tags?post=2790"}],"curies":[{"name":"wp","href":"https:\/\/api.w.org\/{rel}","templated":true}]}}