{"id":2809,"date":"2020-03-12T14:18:16","date_gmt":"2020-03-12T14:18:16","guid":{"rendered":"http:\/\/fetrib.com\/web\/?p=2809"},"modified":"2020-03-12T14:20:03","modified_gmt":"2020-03-12T14:20:03","slug":"comunicat-covid-19","status":"publish","type":"post","link":"https:\/\/fetrib.com\/web\/2020\/03\/12\/comunicat-covid-19\/","title":{"rendered":"COMUNICAT COVID-19"},"content":{"rendered":"<p>Degut a l&#8217;evoluci\u00f3 dels aconteixements en relaci\u00f3 al COVID-19, i seguint les indicacions de les autoritats sanit\u00e0ries, La Federaci\u00f3 de Triatl\u00f3 de les Illes Balears ha decidit ajornar totes les proves que estaven previstes en els propers 30 dies.<\/p>\n<p>Les proves afectades per aquest ajornament s\u00f3n les seg\u00fcents:<\/p>\n<p>\u2022 Duatl\u00f3 SUD (Ses Salines)<br \/>\n\u2022 Duatl\u00f3 de Peguera \u2013 Campionat de Balears \u2013 Classificat\u00f2ri Campionat d\u2019Espanya<br \/>\n\u2022 Duatl\u00f3 contrarrellotge Parc Bit<\/p>\n<p>Aquesta decisi\u00f3 es pren a l\u2019espera d\u2019haver de prendre altres decisions que l\u2019actualitat del moment ens fagi prendre.<\/p>\n<p>La FETRIB recorda les recomomenacions indicades per la Conselleria de Salut de les Illes Balears per evitar els contagis:<\/p>\n<p>\u2022 Al tossir o esternudar, cobrir-se la boca i el nas amb el colze flexionat o amb un mocador de paper.<br \/>\n\u2022 Evitar tocar-se els ulls, el nas i la boca.<br \/>\n\u2022 Rentar-se les mans frequ\u0308entment.<\/p>\n<p>Podeu seguir les informacions sobre el COVID-19 als seg\u00fcent enlla\u00e7<br \/>\n<a href=\"http:\/\/www.caib.es\/sites\/coronavirus\/ca\/portada\/COVID-19\">http:\/\/www.caib.es\/sites\/coronavirus\/ca\/portada\/COVID-19<\/a><\/p>\n<p>&nbsp;<\/p>\n<p><a href=\"http:\/\/fetrib.com\/web\/2020\/03\/12\/comunicat-covid-19\/covid-19\/\">comunicat.pdf<\/a><\/p>\n","protected":false},"excerpt":{"rendered":"<p>Degut a l&#8217;evoluci\u00f3 dels aconteixements en relaci\u00f3 al COVID-19, i seguint les indicacions de les autoritats sanit\u00e0ries, La Federaci\u00f3 de Triatl\u00f3 de les Illes Balears ha decidit ajornar totes les proves que estaven previstes en els propers 30 dies. Les proves afectades per aquest ajornament s\u00f3n les seg\u00fcents: \u2022 Duatl\u00f3 SUD (Ses Salines) \u2022 Duatl\u00f3 &#8230;<\/p>\n","protected":false},"author":1,"featured_media":0,"comment_status":"closed","ping_status":"open","sticky":false,"template":"","format":"standard","meta":{"_uag_custom_page_level_css":"","footnotes":""},"categories":[1],"tags":[],"class_list":["post-2809","post","type-post","status-publish","format-standard","hentry","category-general"],"uagb_featured_image_src":{"full":false,"thumbnail":false,"medium":false,"medium_large":false,"large":false,"1536x1536":false,"2048x2048":false,"tie-small":false,"tie-large":false,"slider":false},"uagb_author_info":{"display_name":"admin","author_link":"https:\/\/fetrib.com\/web\/author\/admin\/"},"uagb_comment_info":0,"uagb_excerpt":"Degut a l&#8217;evoluci\u00f3 dels aconteixements en relaci\u00f3 al COVID-19, i seguint les indicacions de les autoritats sanit\u00e0ries, La Federaci\u00f3 de Triatl\u00f3 de les Illes Balears ha decidit ajornar totes les proves que estaven previstes en els propers 30 dies. Les proves afectades per aquest ajornament s\u00f3n les seg\u00fcents: \u2022 Duatl\u00f3 SUD (Ses Salines) \u2022 Duatl\u00f3&hellip;","_links":{"self":[{"href":"https:\/\/fetrib.com\/web\/wp-json\/wp\/v2\/posts\/2809","targetHints":{"allow":["GET"]}}],"collection":[{"href":"https:\/\/fetrib.com\/web\/wp-json\/wp\/v2\/posts"}],"about":[{"href":"https:\/\/fetrib.com\/web\/wp-json\/wp\/v2\/types\/post"}],"author":[{"embeddable":true,"href":"https:\/\/fetrib.com\/web\/wp-json\/wp\/v2\/users\/1"}],"replies":[{"embeddable":true,"href":"https:\/\/fetrib.com\/web\/wp-json\/wp\/v2\/comments?post=2809"}],"version-history":[{"count":4,"href":"https:\/\/fetrib.com\/web\/wp-json\/wp\/v2\/posts\/2809\/revisions"}],"predecessor-version":[{"id":2815,"href":"https:\/\/fetrib.com\/web\/wp-json\/wp\/v2\/posts\/2809\/revisions\/2815"}],"wp:attachment":[{"href":"https:\/\/fetrib.com\/web\/wp-json\/wp\/v2\/media?parent=2809"}],"wp:term":[{"taxonomy":"category","embeddable":true,"href":"https:\/\/fetrib.com\/web\/wp-json\/wp\/v2\/categories?post=2809"},{"taxonomy":"post_tag","embeddable":true,"href":"https:\/\/fetrib.com\/web\/wp-json\/wp\/v2\/tags?post=2809"}],"curies":[{"name":"wp","href":"https:\/\/api.w.org\/{rel}","templated":true}]}}