{"id":2817,"date":"2020-05-03T16:21:48","date_gmt":"2020-05-03T16:21:48","guid":{"rendered":"http:\/\/fetrib.com\/web\/?p=2817"},"modified":"2020-05-03T16:22:29","modified_gmt":"2020-05-03T16:22:29","slug":"condiciones-en-las-que-debe-desarrollarse-la-actividad-deportiva-profesional-y-federada","status":"publish","type":"post","link":"https:\/\/fetrib.com\/web\/2020\/05\/03\/condiciones-en-las-que-debe-desarrollarse-la-actividad-deportiva-profesional-y-federada\/","title":{"rendered":"Condiciones en las que debe desarrollarse la actividad deportiva profesional y federada"},"content":{"rendered":"<p><strong>Art\u00edculo 9. Otros deportistas federados.<br \/>\n<\/strong>1. Los deportistas federados no recogidos en el art\u00edculo 8 podr\u00e1n realizar entrenamientos de forma individual, en espacios al aire libre, dos veces al d\u00eda, entre las 6:00 horas y las 10:00 horas y entre las 20:00 horas y las 23:00 horas, y dentro de los l\u00edmites del t\u00e9rmino municipal en el que tengan su residencia.<br \/>\nPara ello, si fuera necesario, podr\u00e1n acceder libremente a aquellos espacios naturales en los que deban desarrollar su actividad deportiva como mar, r\u00edos, o embalses, entre otros.<br \/>\nNo obstante, si en la modalidad deportiva practicada participaran animales, se podr\u00e1 realizar la pr\u00e1ctica al aire libre, de manera individualizada, en el lugar donde estos permanezcan, mediante cita previa, y durante el mismo per\u00edodo de tiempo.<br \/>\n2. Cuando se trate de deportistas federados, en modalidades de deporte adaptado, se estar\u00e1 a lo dispuesto en el apartado 2 del art\u00edculo anterior.<br \/>\n3. Asimismo, se deber\u00e1 respetar la distancia de seguridad interpersonal establecidas en el apartado 5 del art\u00edculo anterior.<br \/>\n4. No se permite la presencia de entrenadores u otro tipo de personal auxiliar durante el entrenamiento.<br \/>\n5. La federaci\u00f3n deportiva correspondiente emitir\u00e1 la debida acreditaci\u00f3n a los deportistas integrados en ella que cumplan estos requisitos, consider\u00e1ndose, a estos efectos, la licencia deportiva suficiente acreditaci\u00f3n.<\/p>\n<p>&nbsp;<\/p>\n<p><strong>Art\u00edculo 8. Deportistas profesionales y deportistas calificados de alto nivel.<\/strong><br \/>\n1. Los deportistas profesionales, de acuerdo con lo estipulado en el Real Decreto 1006\/1985, de 26 de junio, por el que se regula la relaci\u00f3n laboral especial de los deportistas profesionales, y los deportistas calificados por el Consejo Superior de Deportes como deportistas de alto nivel o de inter\u00e9s nacional, podr\u00e1n realizar entrenamientos de forma individual, al aire libre, dentro de los l\u00edmites de la provincia en la que resida el deportista. Para ello:<br \/>\na) Podr\u00e1n acceder libremente, en caso de resultar necesario, a aquellos espacios naturales en los que deban desarrollar su actividad deportiva, como mar, r\u00edos, o embalses, entre otros.<br \/>\nb) Podr\u00e1n utilizar los implementos deportivos y equipamiento necesario.<br \/>\nEl desarrollo de los entrenamientos y el uso del material deber\u00e1n realizarse manteniendo, en todo caso, las correspondientes medidas de distanciamiento social e higiene para la prevenci\u00f3n del contagio del COVID-19, indicadas por las autoridades sanitarias.<br \/>\n2. Los deportistas a los que hace referencia este art\u00edculo y que practiquen modalidades de deporte adaptado o de car\u00e1cter paral\u00edmpico, podr\u00e1n contar con el acompa\u00f1amiento de otro deportista para realizar su actividad deportiva, si esto resulta ineludible. En este caso, las distancias de seguridad interpersonal se reducir\u00e1n lo necesario para la pr\u00e1ctica deportiva, debiendo utilizar ambos mascarilla, y se aplicar\u00e1n las medidas que se consideren oportunas para garantizar la higiene personal y la etiqueta respiratoria que procedan en cada caso.<br \/>\n3. La duraci\u00f3n y el horario de los entrenamientos ser\u00e1n los necesarios para el mantenimiento adecuado de la forma deportiva.<br \/>\n4. Podr\u00e1 presenciar los entrenamientos una persona que ejerza la labor de entrenador, siempre que resulte necesario y que mantenga las pertinentes medidas de distanciamiento social e higiene para la prevenci\u00f3n del contagio del COVID-19 indicadas por las autoridades sanitarias.<br \/>\n5. Con car\u00e1cter general, la distancia de seguridad interpersonal ser\u00e1 de dos metros, salvo en la utilizaci\u00f3n de bicicletas, patines u otro tipo de implementos similares, en cuyo caso ser\u00e1 de diez metros. Dichas distancias m\u00ednimas no ser\u00e1n exigibles en el supuesto establecido en el apartado 2.<br \/>\n6. La federaci\u00f3n deportiva correspondiente emitir\u00e1 la debida acreditaci\u00f3n a los deportistas integrados en ella que cumplan estos requisitos, consider\u00e1ndose, a estos efectos, la licencia deportiva o el certificado de Deportista de Alto Nivel suficiente acreditaci\u00f3n.<\/p>\n<p>&nbsp;<\/p>\n<p>&nbsp;<\/p>\n<p>&nbsp;<\/p>\n<p>&nbsp;<\/p>\n","protected":false},"excerpt":{"rendered":"<p>Art\u00edculo 9. Otros deportistas federados. 1. Los deportistas federados no recogidos en el art\u00edculo 8 podr\u00e1n realizar entrenamientos de forma individual, en espacios al aire libre, dos veces al d\u00eda, entre las 6:00 horas y las 10:00 horas y entre las 20:00 horas y las 23:00 horas, y dentro de los l\u00edmites del t\u00e9rmino municipal &#8230;<\/p>\n","protected":false},"author":1,"featured_media":1062,"comment_status":"closed","ping_status":"open","sticky":false,"template":"","format":"standard","meta":{"_uag_custom_page_level_css":"","footnotes":""},"categories":[1],"tags":[],"class_list":["post-2817","post","type-post","status-publish","format-standard","has-post-thumbnail","hentry","category-general"],"uagb_featured_image_src":{"full":["https:\/\/fetrib.com\/web\/wp-content\/uploads\/2017\/11\/soler.jpg",960,720,false],"thumbnail":["https:\/\/fetrib.com\/web\/wp-content\/uploads\/2017\/11\/soler-150x150.jpg",150,150,true],"medium":["https:\/\/fetrib.com\/web\/wp-content\/uploads\/2017\/11\/soler-300x225.jpg",300,225,true],"medium_large":["https:\/\/fetrib.com\/web\/wp-content\/uploads\/2017\/11\/soler-768x576.jpg",620,465,true],"large":["https:\/\/fetrib.com\/web\/wp-content\/uploads\/2017\/11\/soler.jpg",620,465,false],"1536x1536":["https:\/\/fetrib.com\/web\/wp-content\/uploads\/2017\/11\/soler.jpg",960,720,false],"2048x2048":["https:\/\/fetrib.com\/web\/wp-content\/uploads\/2017\/11\/soler.jpg",960,720,false],"tie-small":["https:\/\/fetrib.com\/web\/wp-content\/uploads\/2017\/11\/soler-70x70.jpg",70,70,true],"tie-large":["https:\/\/fetrib.com\/web\/wp-content\/uploads\/2017\/11\/soler-300x160.jpg",300,160,true],"slider":["https:\/\/fetrib.com\/web\/wp-content\/uploads\/2017\/11\/soler-620x330.jpg",620,330,true]},"uagb_author_info":{"display_name":"admin","author_link":"https:\/\/fetrib.com\/web\/author\/admin\/"},"uagb_comment_info":0,"uagb_excerpt":"Art\u00edculo 9. Otros deportistas federados. 1. Los deportistas federados no recogidos en el art\u00edculo 8 podr\u00e1n realizar entrenamientos de forma individual, en espacios al aire libre, dos veces al d\u00eda, entre las 6:00 horas y las 10:00 horas y entre las 20:00 horas y las 23:00 horas, y dentro de los l\u00edmites del t\u00e9rmino municipal&hellip;","_links":{"self":[{"href":"https:\/\/fetrib.com\/web\/wp-json\/wp\/v2\/posts\/2817","targetHints":{"allow":["GET"]}}],"collection":[{"href":"https:\/\/fetrib.com\/web\/wp-json\/wp\/v2\/posts"}],"about":[{"href":"https:\/\/fetrib.com\/web\/wp-json\/wp\/v2\/types\/post"}],"author":[{"embeddable":true,"href":"https:\/\/fetrib.com\/web\/wp-json\/wp\/v2\/users\/1"}],"replies":[{"embeddable":true,"href":"https:\/\/fetrib.com\/web\/wp-json\/wp\/v2\/comments?post=2817"}],"version-history":[{"count":2,"href":"https:\/\/fetrib.com\/web\/wp-json\/wp\/v2\/posts\/2817\/revisions"}],"predecessor-version":[{"id":2819,"href":"https:\/\/fetrib.com\/web\/wp-json\/wp\/v2\/posts\/2817\/revisions\/2819"}],"wp:featuredmedia":[{"embeddable":true,"href":"https:\/\/fetrib.com\/web\/wp-json\/wp\/v2\/media\/1062"}],"wp:attachment":[{"href":"https:\/\/fetrib.com\/web\/wp-json\/wp\/v2\/media?parent=2817"}],"wp:term":[{"taxonomy":"category","embeddable":true,"href":"https:\/\/fetrib.com\/web\/wp-json\/wp\/v2\/categories?post=2817"},{"taxonomy":"post_tag","embeddable":true,"href":"https:\/\/fetrib.com\/web\/wp-json\/wp\/v2\/tags?post=2817"}],"curies":[{"name":"wp","href":"https:\/\/api.w.org\/{rel}","templated":true}]}}