{"id":2873,"date":"2020-08-24T06:34:13","date_gmt":"2020-08-24T06:34:13","guid":{"rendered":"http:\/\/fetrib.com\/web\/?p=2873"},"modified":"2020-08-24T06:34:13","modified_gmt":"2020-08-24T06:34:13","slug":"podis-historics-del-triatlo-balear","status":"publish","type":"post","link":"https:\/\/fetrib.com\/web\/2020\/08\/24\/podis-historics-del-triatlo-balear\/","title":{"rendered":"Podis hist\u00f2rics del triatl\u00f3 Balear."},"content":{"rendered":"<p>Xisca Tous, repeteix la plata i subcampionat d&#8217;Espanya de Triatl\u00f3 en una prova que va comptar amb totes les millors del panorama nacional. Mentre en categoria masculina Carlos Oliver aconsegueix la plata i el subcampionat de d&#8217;Espanya en cat sub-23 i top5 a la general absoluta.<br \/>\nLa prova disputada a la localitat gallega de Pontevedra en format sortida contrarellotge a causa de les mesures sanit\u00e0ries, i sobre una dist\u00e0ncia sprint.<br \/>\nTant en categoria femenina i masculina la prova va comptar amb un nivell de participaci\u00f3 molt elevat amb habituals de les proves world s\u00e8ries, mundials, fins i tot en les passades olimp\u00edades, el que fa encara m\u00e9s meritori els resultats dels nostres triatletes.<a href=\"http:\/\/fetrib.com\/web\/2020\/08\/24\/podis-historics-del-triatlo-balear\/img_20200823_181549\/\" rel=\"attachment wp-att-2875\"><img loading=\"lazy\" decoding=\"async\" class=\"aligncenter  wp-image-2875\" src=\"http:\/\/fetrib.com\/web\/wp-content\/uploads\/2020\/08\/IMG_20200823_181549-214x300.jpg\" alt=\"\" width=\"309\" height=\"433\" srcset=\"https:\/\/fetrib.com\/web\/wp-content\/uploads\/2020\/08\/IMG_20200823_181549-214x300.jpg 214w, https:\/\/fetrib.com\/web\/wp-content\/uploads\/2020\/08\/IMG_20200823_181549.jpg 560w\" sizes=\"auto, (max-width: 309px) 100vw, 309px\" \/><\/a><\/p>\n","protected":false},"excerpt":{"rendered":"<p>Xisca Tous, repeteix la plata i subcampionat d&#8217;Espanya de Triatl\u00f3 en una prova que va comptar amb totes les millors del panorama nacional. Mentre en categoria masculina Carlos Oliver aconsegueix la plata i el subcampionat de d&#8217;Espanya en cat sub-23 i top5 a la general absoluta. La prova disputada a la localitat gallega de Pontevedra &#8230;<\/p>\n","protected":false},"author":1,"featured_media":2874,"comment_status":"closed","ping_status":"open","sticky":false,"template":"","format":"standard","meta":{"_uag_custom_page_level_css":"","footnotes":""},"categories":[1],"tags":[],"class_list":["post-2873","post","type-post","status-publish","format-standard","has-post-thumbnail","hentry","category-general"],"uagb_featured_image_src":{"full":["https:\/\/fetrib.com\/web\/wp-content\/uploads\/2020\/08\/FB_IMG_1598191482797.jpg",1080,608,false],"thumbnail":["https:\/\/fetrib.com\/web\/wp-content\/uploads\/2020\/08\/FB_IMG_1598191482797-150x150.jpg",150,150,true],"medium":["https:\/\/fetrib.com\/web\/wp-content\/uploads\/2020\/08\/FB_IMG_1598191482797-300x169.jpg",300,169,true],"medium_large":["https:\/\/fetrib.com\/web\/wp-content\/uploads\/2020\/08\/FB_IMG_1598191482797-768x432.jpg",620,349,true],"large":["https:\/\/fetrib.com\/web\/wp-content\/uploads\/2020\/08\/FB_IMG_1598191482797-1024x576.jpg",620,349,true],"1536x1536":["https:\/\/fetrib.com\/web\/wp-content\/uploads\/2020\/08\/FB_IMG_1598191482797.jpg",1080,608,false],"2048x2048":["https:\/\/fetrib.com\/web\/wp-content\/uploads\/2020\/08\/FB_IMG_1598191482797.jpg",1080,608,false],"tie-small":["https:\/\/fetrib.com\/web\/wp-content\/uploads\/2020\/08\/FB_IMG_1598191482797-70x70.jpg",70,70,true],"tie-large":["https:\/\/fetrib.com\/web\/wp-content\/uploads\/2020\/08\/FB_IMG_1598191482797-300x160.jpg",300,160,true],"slider":["https:\/\/fetrib.com\/web\/wp-content\/uploads\/2020\/08\/FB_IMG_1598191482797-620x330.jpg",620,330,true]},"uagb_author_info":{"display_name":"admin","author_link":"https:\/\/fetrib.com\/web\/author\/admin\/"},"uagb_comment_info":0,"uagb_excerpt":"Xisca Tous, repeteix la plata i subcampionat d&#8217;Espanya de Triatl\u00f3 en una prova que va comptar amb totes les millors del panorama nacional. Mentre en categoria masculina Carlos Oliver aconsegueix la plata i el subcampionat de d&#8217;Espanya en cat sub-23 i top5 a la general absoluta. La prova disputada a la localitat gallega de Pontevedra&hellip;","_links":{"self":[{"href":"https:\/\/fetrib.com\/web\/wp-json\/wp\/v2\/posts\/2873","targetHints":{"allow":["GET"]}}],"collection":[{"href":"https:\/\/fetrib.com\/web\/wp-json\/wp\/v2\/posts"}],"about":[{"href":"https:\/\/fetrib.com\/web\/wp-json\/wp\/v2\/types\/post"}],"author":[{"embeddable":true,"href":"https:\/\/fetrib.com\/web\/wp-json\/wp\/v2\/users\/1"}],"replies":[{"embeddable":true,"href":"https:\/\/fetrib.com\/web\/wp-json\/wp\/v2\/comments?post=2873"}],"version-history":[{"count":2,"href":"https:\/\/fetrib.com\/web\/wp-json\/wp\/v2\/posts\/2873\/revisions"}],"predecessor-version":[{"id":2877,"href":"https:\/\/fetrib.com\/web\/wp-json\/wp\/v2\/posts\/2873\/revisions\/2877"}],"wp:featuredmedia":[{"embeddable":true,"href":"https:\/\/fetrib.com\/web\/wp-json\/wp\/v2\/media\/2874"}],"wp:attachment":[{"href":"https:\/\/fetrib.com\/web\/wp-json\/wp\/v2\/media?parent=2873"}],"wp:term":[{"taxonomy":"category","embeddable":true,"href":"https:\/\/fetrib.com\/web\/wp-json\/wp\/v2\/categories?post=2873"},{"taxonomy":"post_tag","embeddable":true,"href":"https:\/\/fetrib.com\/web\/wp-json\/wp\/v2\/tags?post=2873"}],"curies":[{"name":"wp","href":"https:\/\/api.w.org\/{rel}","templated":true}]}}