{"id":289,"date":"2013-07-26T07:29:48","date_gmt":"2013-07-26T07:29:48","guid":{"rendered":"http:\/\/www.fetrib.com\/web2018\/fetrib\/organigrama\/organigrama\/"},"modified":"2013-07-26T07:29:48","modified_gmt":"2013-07-26T07:29:48","slug":"organigrama","status":"publish","type":"post","link":"https:\/\/fetrib.com\/web\/2013\/07\/26\/organigrama\/","title":{"rendered":"Organigrama Fetrib"},"content":{"rendered":"<p>\u00a0<\/p>\n<p><img decoding=\"async\" src=\"images\/stories\/logo fetrib-web.jpg\" border=\"0\" align=\"middle\" \/><\/p>\n<p>\u00a0<\/p>\n<p>\u00a0<\/p>\n<p>La federaci\u00f3 de triatl\u00f3 de les Illes Balears es un organisme complex que ha de atendre a multitud de funcions. Per el desenvolupament d&#8217;aquestes tasques, desde la renovaci\u00f3 de la Junta Directiva, varem optar per la creaci\u00f3 de un grup de feina extens per afavorir la divisi\u00f3 de funcions y la especialitzaci\u00f3.<\/p>\n<p><span style=\"line-height: 1.3em;\">El nou organigrama es el seg\u00fcent:<\/span><\/p>\n<p><strong>JUNTA DIRECTIVA<\/strong><\/p>\n<p><strong>President:<\/strong> Abilio Garc\u00eda<\/p>\n<p><strong> Secretari:<\/strong> Francesc Mar\u00edn T<\/p>\n<p><strong> Vicepresident 1: <\/strong>Pep Vidal<\/p>\n<p><strong>Vicepresident 2: <\/strong>Alberto Garc\u00eda<\/p>\n<p><strong>Vicepresident 3: <\/strong>Ignasi Colom<\/p>\n<p><strong>Vocal 1:<\/strong> Miquel Roig<\/p>\n<p><strong> Vocal 2:<\/strong> Miquel Torres<\/p>\n<p><strong>Vocal 3:<\/strong> Javi Bonet<\/p>\n<p><strong>Vocal 4 <\/strong>: Xisco Bonnin<\/p>\n<p>\u00a0<\/p>\n<h1>FUNCIONS I TASQUES<\/h1>\n<p>\u00a0<\/p>\n<h3><strong>Presidencia: <\/strong><a href=\"mailto:\/\/presidencia@fetrib.com\">presidencia@fetrib.com <\/a><\/h3>\n<p><strong>Responsable:<\/strong> Abilio Garcia<\/p>\n<p><strong>Altres components: <\/strong>Els vicepresidents (Pep Vidal, Alberto Garcia e Ignasi Colom)<\/p>\n<p>Les seves principal tasques son les de representaci\u00f3 de la Fetrib i gestionar\u00e1 les relacions amb les autoritats i organismes publics, altres federacions. Coordinar\u00e1 les feines de la resta del equip i reportar\u00e1 a la Junta Directiva i la asamblea del estat de la Fetrib.<\/p>\n<p>\u00a0<\/p>\n<h3><strong>Tesoreria:<\/strong><a href=\"mailto:\/\/tesoreria@fetrib.com\" style=\"font-family: Arial, Helvetica, sans-serif; font-size: 14px; line-height: 1.3em;\">tesoreria@fetrib.com<\/a><\/h3>\n<p><strong>Responsable:\u00a0<\/strong><\/p>\n<p>M\u00e0xim responsable de la tesoreria i la contabildad, de la Fetrib.<\/p>\n<p>\u00a0<\/p>\n<h3><strong>Secretaria:<a href=\"mailto:\/\/secretaria@fetrib.com\"> <\/a><\/strong><a href=\"mailto:\/\/secretaria@fetrib.com\">secretaria@fetrib.com<\/a><\/h3>\n<p><strong>Responsable: <\/strong>Francisco Marin<\/p>\n<p>Ser\u00e0 el encarregat de confeccionar i firmar els certificats emesos per la Fetrib. Responsable de les actes i convocat\u00f2ries de tots els actes dels estaments de la FETRIB (Asamblea y JD)<\/p>\n<p>\u00a0<\/p>\n<h3><strong>Gerencia: <\/strong><a href=\"mailto:\/\/secretaria@fetrib.com\">secretaria@fetrib.com<\/a><\/h3>\n<p><strong>Responsable: <\/strong>Francisco Marin<\/p>\n<p>Responsable de les tasques de gesti\u00f3 diaries de la FETRIB.<\/p>\n<p>\u00a0<\/p>\n<h3><strong>Direcci\u00f3 T\u00e8cnica:<\/strong> <a href=\"mailto:\/\/dtecnica@fetrib.com\">dtecnica@fetrib.com<\/a><\/h3>\n<p><strong>Responsables:<\/strong> Pep Vidal i Miquel Torres<\/p>\n<p>Responsables de la tecnificaci\u00f3 dels atletes baix l&#8217;ambit de la FETRIB. Gestionen la assignaci\u00f3 del t\u00e8cnic de la Escola Balear de l&#8217;Esport i la creaci\u00f3 i representaci\u00f3 de les distintes seleccions.<\/p>\n<p>\u00a0<\/p>\n<h3><strong>Competicions:<a href=\"mailto:\/\/info@fetrib.com\"> <\/a><\/strong><a href=\"mailto:\/\/info@fetrib.com\">info@fetrib.com<\/a><\/h3>\n<p><strong>Responsable: <\/strong>Ignasi Colom<\/p>\n<p>Responsable de la realitzaci\u00f3 de les competicions y contacte amb els organitzadors.<\/p>\n<p>\u00a0<\/p>\n<h3><strong>Comite de Jutges:<\/strong> cjutges@fetrib.com<\/h3>\n<p><strong>Responsable:<\/strong> Xisco Bonnin y Alberto Garcia<\/p>\n<p>\u00a0<\/p>\n<h3><strong>Gabinet de comunicaci\u00f3: <\/strong>info@fetrib.com<\/h3>\n<p><strong>Responsable:<\/strong> Ignasi Colom<\/p>\n<p>Seran els responsables de totes les vies de comunicaci\u00f3 de la FETRIB (Web, mail, xarxes socials, etc.)<\/p>\n<p>\u00a0<\/p>\n<h3><strong>Comite de clubs:<\/strong> info@fetrib.com<\/h3>\n<p><strong>Responsable:<\/strong> Miquel Roig i Kiko Marin Seran els encarregats de tenir contacte directe amb els clubs.<\/p>\n<p>\u00a0<\/p>\n<h3><strong>Comit\u00e8 de competici\u00f3 esportiva o Jutge \u00danic: <\/strong>cjutges@fetrib.com<\/h3>\n<p><strong>Responsable:<\/strong> Xisco Bonn\u00edn Ser\u00e0 el encarregat de la gesti\u00f3 de la competici\u00f3 esportiva (circuits, boxes, etc)<\/p>\n<p>\u00a0<\/p>\n<h3><strong>Comit\u00e8 apel\u00b7laci\u00f3:<\/strong> cjutges@fetrib.com<\/h3>\n<p><strong>Responsable:<\/strong> Xisco Bonn\u00edn y Alberto Garcia<\/p>\n<p>Seran els encarregats de resoldre conflictes esportius.<\/p>\n<p>\u00a0<\/p>\n<h3><strong>Esport base: <\/strong><a href=\"mailto:\/\/esportbase@fetrib.com\">esportbase@fetrib.com<\/a><\/h3>\n<p><strong>Responsable: <\/strong>Abilio Garcia<\/p>\n<p>Responsable de coordinar totes les activitats de l\u2019esport base<\/p>\n<p>\u00a0<\/p>\n<h3><strong>Delegaci\u00f3 Menorca: <\/strong>dmenorca@fetrib.com<\/h3>\n<p><strong>Responsable: <\/strong>Paco Arnau<\/p>\n<p>Ser\u00e0 el encarregat i m\u00e0xima representaci\u00f3 a la Illa de Menorca, amb el suport de la fetrib.<\/p>\n<p>\u00a0<\/p>\n<h3><strong>Delegaci\u00f3 Eivissa i Formentera:<\/strong> deivissaiformentera@fetrib.com<\/h3>\n<p><strong>Responsable:<\/strong> Eusebio Noguera Ser\u00e0 el encarregat i m\u00e0xima representaci\u00f3 a la Illa d\u2019Eivissa i Formentera, amb el suport de la fetrib.<\/p>\n","protected":false},"excerpt":{"rendered":"<p>\u00a0 \u00a0 \u00a0 La federaci\u00f3 de triatl\u00f3 de les Illes Balears es un organisme complex que ha de atendre a multitud de funcions. Per el desenvolupament d&#8217;aquestes tasques, desde la renovaci\u00f3 de la Junta Directiva, varem optar per la creaci\u00f3 de un grup de feina extens per afavorir la divisi\u00f3 de funcions y la especialitzaci\u00f3. &#8230;<\/p>\n","protected":false},"author":1,"featured_media":0,"comment_status":"open","ping_status":"open","sticky":false,"template":"","format":"standard","meta":{"_uag_custom_page_level_css":"","footnotes":""},"categories":[38],"tags":[],"class_list":["post-289","post","type-post","status-publish","format-standard","hentry","category-organigrama"],"uagb_featured_image_src":{"full":false,"thumbnail":false,"medium":false,"medium_large":false,"large":false,"1536x1536":false,"2048x2048":false,"tie-small":false,"tie-large":false,"slider":false},"uagb_author_info":{"display_name":"admin","author_link":"https:\/\/fetrib.com\/web\/author\/admin\/"},"uagb_comment_info":0,"uagb_excerpt":"\u00a0 \u00a0 \u00a0 La federaci\u00f3 de triatl\u00f3 de les Illes Balears es un organisme complex que ha de atendre a multitud de funcions. Per el desenvolupament d&#8217;aquestes tasques, desde la renovaci\u00f3 de la Junta Directiva, varem optar per la creaci\u00f3 de un grup de feina extens per afavorir la divisi\u00f3 de funcions y la especialitzaci\u00f3.&hellip;","_links":{"self":[{"href":"https:\/\/fetrib.com\/web\/wp-json\/wp\/v2\/posts\/289","targetHints":{"allow":["GET"]}}],"collection":[{"href":"https:\/\/fetrib.com\/web\/wp-json\/wp\/v2\/posts"}],"about":[{"href":"https:\/\/fetrib.com\/web\/wp-json\/wp\/v2\/types\/post"}],"author":[{"embeddable":true,"href":"https:\/\/fetrib.com\/web\/wp-json\/wp\/v2\/users\/1"}],"replies":[{"embeddable":true,"href":"https:\/\/fetrib.com\/web\/wp-json\/wp\/v2\/comments?post=289"}],"version-history":[{"count":0,"href":"https:\/\/fetrib.com\/web\/wp-json\/wp\/v2\/posts\/289\/revisions"}],"wp:attachment":[{"href":"https:\/\/fetrib.com\/web\/wp-json\/wp\/v2\/media?parent=289"}],"wp:term":[{"taxonomy":"category","embeddable":true,"href":"https:\/\/fetrib.com\/web\/wp-json\/wp\/v2\/categories?post=289"},{"taxonomy":"post_tag","embeddable":true,"href":"https:\/\/fetrib.com\/web\/wp-json\/wp\/v2\/tags?post=289"}],"curies":[{"name":"wp","href":"https:\/\/api.w.org\/{rel}","templated":true}]}}