{"id":290,"date":"2013-07-26T10:27:10","date_gmt":"2013-07-26T10:27:10","guid":{"rendered":"http:\/\/www.fetrib.com\/web2018\/comite-competiciones\/triatlo-de-arta\/"},"modified":"2013-07-26T10:27:10","modified_gmt":"2013-07-26T10:27:10","slug":"triatlo-de-arta","status":"publish","type":"post","link":"https:\/\/fetrib.com\/web\/2013\/07\/26\/triatlo-de-arta\/","title":{"rendered":"Triatl\u00f3 d&#8217;Art\u00e0"},"content":{"rendered":"<p><span style=\"line-height: 1.3em;\"><img loading=\"lazy\" decoding=\"async\" src=\"images\/stories\/alerta_roja1.png\" border=\"0\" width=\"100\" height=\"100\" style=\"float: right;\" \/>La Fetrib vol comunicar que el proper <strong>dissabte 27 de <\/strong><\/span><span style=\"line-height: 1.3em;\"><strong>juliol<\/strong>, se celebrar\u00e0 a <strong>Arta<\/strong>, un triatl\u00f3 <strong>sense el <\/strong><\/span><span style=\"line-height: 1.3em;\"><strong>perm\u00eds federatiu<\/strong> corresponent.<\/span><\/p>\n<p><span style=\"line-height: 1.3em;\">La manca d&#8217;aquest perm\u00eds suposa que des de <strong>la federaci\u00f3 no hem pogut <\/strong><\/span><span style=\"line-height: 1.3em;\"><strong>revisar <\/strong>que<strong> la seguretat de la prova<\/strong> sigui l&#8217;adient, ni que s&#8217;hagin <\/span><span style=\"line-height: 1.3em;\">demanat els <strong>permisos<\/strong> i contractat les <strong>assegurances pels esportistes<\/strong> <\/span><span style=\"line-height: 1.3em;\">i de <strong>responsabilitat civil<\/strong> necess\u00e0ries per a l&#8217;organitzaci\u00f3 d&#8217;una <\/span><span style=\"line-height: 1.3em;\">prova d&#8217;aquestes caracter\u00edstiques.<\/span><\/p>\n<p><span style=\"line-height: 1.3em;\">Tamb\u00e9 assenyalar que la prova <strong>no estar\u00e0 controlada per cap tipus de <\/strong><\/span><span style=\"line-height: 1.3em;\"><strong>jutge<\/strong> que pugui vetlar per la seguretat i el compliment de les <\/span><span style=\"line-height: 1.3em;\">normes pr\u00f2pies d&#8217;aquest esport.<\/span><\/p>\n<p><span style=\"line-height: 1.3em;\">Atentament,<\/span><\/p>\n<p><span style=\"line-height: 1.3em;\">El Comite de competicions<\/span><\/p>\n","protected":false},"excerpt":{"rendered":"<p>La Fetrib vol comunicar que el proper dissabte 27 de juliol, se celebrar\u00e0 a Arta, un triatl\u00f3 sense el perm\u00eds federatiu corresponent. La manca d&#8217;aquest perm\u00eds suposa que des de la federaci\u00f3 no hem pogut revisar que la seguretat de la prova sigui l&#8217;adient, ni que s&#8217;hagin demanat els permisos i contractat les assegurances pels &#8230;<\/p>\n","protected":false},"author":1,"featured_media":0,"comment_status":"open","ping_status":"open","sticky":false,"template":"","format":"standard","meta":{"_uag_custom_page_level_css":"","footnotes":""},"categories":[26],"tags":[],"class_list":["post-290","post","type-post","status-publish","format-standard","hentry","category-comite-competiciones"],"uagb_featured_image_src":{"full":false,"thumbnail":false,"medium":false,"medium_large":false,"large":false,"1536x1536":false,"2048x2048":false,"tie-small":false,"tie-large":false,"slider":false},"uagb_author_info":{"display_name":"admin","author_link":"https:\/\/fetrib.com\/web\/author\/admin\/"},"uagb_comment_info":0,"uagb_excerpt":"La Fetrib vol comunicar que el proper dissabte 27 de juliol, se celebrar\u00e0 a Arta, un triatl\u00f3 sense el perm\u00eds federatiu corresponent. La manca d&#8217;aquest perm\u00eds suposa que des de la federaci\u00f3 no hem pogut revisar que la seguretat de la prova sigui l&#8217;adient, ni que s&#8217;hagin demanat els permisos i contractat les assegurances pels&hellip;","_links":{"self":[{"href":"https:\/\/fetrib.com\/web\/wp-json\/wp\/v2\/posts\/290","targetHints":{"allow":["GET"]}}],"collection":[{"href":"https:\/\/fetrib.com\/web\/wp-json\/wp\/v2\/posts"}],"about":[{"href":"https:\/\/fetrib.com\/web\/wp-json\/wp\/v2\/types\/post"}],"author":[{"embeddable":true,"href":"https:\/\/fetrib.com\/web\/wp-json\/wp\/v2\/users\/1"}],"replies":[{"embeddable":true,"href":"https:\/\/fetrib.com\/web\/wp-json\/wp\/v2\/comments?post=290"}],"version-history":[{"count":0,"href":"https:\/\/fetrib.com\/web\/wp-json\/wp\/v2\/posts\/290\/revisions"}],"wp:attachment":[{"href":"https:\/\/fetrib.com\/web\/wp-json\/wp\/v2\/media?parent=290"}],"wp:term":[{"taxonomy":"category","embeddable":true,"href":"https:\/\/fetrib.com\/web\/wp-json\/wp\/v2\/categories?post=290"},{"taxonomy":"post_tag","embeddable":true,"href":"https:\/\/fetrib.com\/web\/wp-json\/wp\/v2\/tags?post=290"}],"curies":[{"name":"wp","href":"https:\/\/api.w.org\/{rel}","templated":true}]}}