{"id":305,"date":"2013-08-14T08:01:18","date_gmt":"2013-08-14T08:01:18","guid":{"rendered":"http:\/\/www.fetrib.com\/web2018\/news\/latest-news\/paguera-campeonato-de-baleares\/"},"modified":"2013-08-14T08:01:18","modified_gmt":"2013-08-14T08:01:18","slug":"paguera-campeonato-de-baleares","status":"publish","type":"post","link":"https:\/\/fetrib.com\/web\/2013\/08\/14\/paguera-campeonato-de-baleares\/","title":{"rendered":"Paguera sede del campeonato de Baleares de triatl\u00f3n distancia Olimpica"},"content":{"rendered":"<p>La sede para el<strong> <\/strong><span style=\"line-height: 1.3em;\"><strong>campeonato de Baleares de Triatl\u00f3n en distancia Ol\u00edmpica<\/strong> finalmente ser\u00e1 el<strong> T<\/strong><\/span><span style=\"line-height: 1.3em;\"><strong>riatl\u00f3 Ol\u00edmpic de Peguera<\/strong> que se celebrar\u00e1 el pr\u00f3ximo <strong>13 de octubre<\/strong> en dicha localidad.<\/span><\/p>\n<p>Tras las cr\u00edticas recibidas el a\u00f1o 2012 con la organizaci\u00f3n por parte de la empresa ICAN, el municipio apuesta por una nueva organizaci\u00f3n con<strong> precios muy populares<\/strong> que servir\u00e1 de puente para la empresa Challenge, que organizar\u00e1 la edici\u00f3n del \u00a02014. Peguera sigue apostando por nuestro deporte y desde la Fetrib estamos seguros de que este a\u00f1o tendr\u00e1n el triatl\u00f3n que se merecen.<\/p>\n<p style=\"text-align: left;\">Las inscripciones ya est\u00e1n abiertas <a href=\"http:\/\/www.elitechip.net\/index.php?zwshow=compdet&amp;idcomp=1264220&amp;zwschw=paguera\">aqu\u00ed<\/a><\/p>\n<p style=\"text-align: center;\"><a href=\"http:\/\/www.elitechip.net\/index.php?zwshow=compdet&amp;idcomp=1264220&amp;zwschw=paguera\"><img decoding=\"async\" src=\"images\/stories\/olimpicweb.jpg\" border=\"0\" title=\"Triatl\u00f3 Olimpic de Peguera\" width=\"50%\" align=\"center\" \/><\/a><\/p>\n<p>\u00a0<\/p>\n","protected":false},"excerpt":{"rendered":"<p>La sede para el campeonato de Baleares de Triatl\u00f3n en distancia Ol\u00edmpica finalmente ser\u00e1 el Triatl\u00f3 Ol\u00edmpic de Peguera que se celebrar\u00e1 el pr\u00f3ximo 13 de octubre en dicha localidad. Tras las cr\u00edticas recibidas el a\u00f1o 2012 con la organizaci\u00f3n por parte de la empresa ICAN, el municipio apuesta por una nueva organizaci\u00f3n con precios &#8230;<\/p>\n","protected":false},"author":1,"featured_media":0,"comment_status":"open","ping_status":"open","sticky":false,"template":"","format":"standard","meta":{"_uag_custom_page_level_css":"","footnotes":""},"categories":[37],"tags":[],"class_list":["post-305","post","type-post","status-publish","format-standard","hentry","category-latest-news"],"uagb_featured_image_src":{"full":false,"thumbnail":false,"medium":false,"medium_large":false,"large":false,"1536x1536":false,"2048x2048":false,"tie-small":false,"tie-large":false,"slider":false},"uagb_author_info":{"display_name":"admin","author_link":"https:\/\/fetrib.com\/web\/author\/admin\/"},"uagb_comment_info":0,"uagb_excerpt":"La sede para el campeonato de Baleares de Triatl\u00f3n en distancia Ol\u00edmpica finalmente ser\u00e1 el Triatl\u00f3 Ol\u00edmpic de Peguera que se celebrar\u00e1 el pr\u00f3ximo 13 de octubre en dicha localidad. Tras las cr\u00edticas recibidas el a\u00f1o 2012 con la organizaci\u00f3n por parte de la empresa ICAN, el municipio apuesta por una nueva organizaci\u00f3n con precios&hellip;","_links":{"self":[{"href":"https:\/\/fetrib.com\/web\/wp-json\/wp\/v2\/posts\/305","targetHints":{"allow":["GET"]}}],"collection":[{"href":"https:\/\/fetrib.com\/web\/wp-json\/wp\/v2\/posts"}],"about":[{"href":"https:\/\/fetrib.com\/web\/wp-json\/wp\/v2\/types\/post"}],"author":[{"embeddable":true,"href":"https:\/\/fetrib.com\/web\/wp-json\/wp\/v2\/users\/1"}],"replies":[{"embeddable":true,"href":"https:\/\/fetrib.com\/web\/wp-json\/wp\/v2\/comments?post=305"}],"version-history":[{"count":0,"href":"https:\/\/fetrib.com\/web\/wp-json\/wp\/v2\/posts\/305\/revisions"}],"wp:attachment":[{"href":"https:\/\/fetrib.com\/web\/wp-json\/wp\/v2\/media?parent=305"}],"wp:term":[{"taxonomy":"category","embeddable":true,"href":"https:\/\/fetrib.com\/web\/wp-json\/wp\/v2\/categories?post=305"},{"taxonomy":"post_tag","embeddable":true,"href":"https:\/\/fetrib.com\/web\/wp-json\/wp\/v2\/tags?post=305"}],"curies":[{"name":"wp","href":"https:\/\/api.w.org\/{rel}","templated":true}]}}