{"id":306,"date":"2013-08-17T15:50:02","date_gmt":"2013-08-17T15:50:02","guid":{"rendered":"http:\/\/www.fetrib.com\/web2018\/news\/latest-news\/iii-aquatlo-sillot\/"},"modified":"2013-08-17T15:50:02","modified_gmt":"2013-08-17T15:50:02","slug":"iii-aquatlo-sillot","status":"publish","type":"post","link":"https:\/\/fetrib.com\/web\/2013\/08\/17\/iii-aquatlo-sillot\/","title":{"rendered":"III Aquatl\u00f3 s&#8217;Illot"},"content":{"rendered":"<p>La Federaci\u00f3 de Triatl\u00f3 de les Illes Balears vol comunicar als seus federats que la tercera edici\u00f3 de l&#8217;Aquatl\u00f3 s&#8217;Illot, que es disputar\u00e0 diumenge dia 18, no t\u00e9 el permis federatiu corresponent, i per tant no estan assegurats per la polissa que disposa aquesta federaci\u00f3.<\/p>\n<p>L&#8217;organitzador \u00e9s l&#8217;\u00fanic responsable de tenir les cobertures sanitaries i de seguretat necess\u00e0ries per la prova. En cas d&#8217;accident s&#8217;haur\u00e0 de contactar amb ell per saber de quina manera s&#8217;ha de procedir.<\/p>\n","protected":false},"excerpt":{"rendered":"<p>La Federaci\u00f3 de Triatl\u00f3 de les Illes Balears vol comunicar als seus federats que la tercera edici\u00f3 de l&#8217;Aquatl\u00f3 s&#8217;Illot, que es disputar\u00e0 diumenge dia 18, no t\u00e9 el permis federatiu corresponent, i per tant no estan assegurats per la polissa que disposa aquesta federaci\u00f3. L&#8217;organitzador \u00e9s l&#8217;\u00fanic responsable de tenir les cobertures sanitaries i &#8230;<\/p>\n","protected":false},"author":1,"featured_media":0,"comment_status":"open","ping_status":"open","sticky":false,"template":"","format":"standard","meta":{"_uag_custom_page_level_css":"","footnotes":""},"categories":[37],"tags":[],"class_list":["post-306","post","type-post","status-publish","format-standard","hentry","category-latest-news"],"uagb_featured_image_src":{"full":false,"thumbnail":false,"medium":false,"medium_large":false,"large":false,"1536x1536":false,"2048x2048":false,"tie-small":false,"tie-large":false,"slider":false},"uagb_author_info":{"display_name":"admin","author_link":"https:\/\/fetrib.com\/web\/author\/admin\/"},"uagb_comment_info":0,"uagb_excerpt":"La Federaci\u00f3 de Triatl\u00f3 de les Illes Balears vol comunicar als seus federats que la tercera edici\u00f3 de l&#8217;Aquatl\u00f3 s&#8217;Illot, que es disputar\u00e0 diumenge dia 18, no t\u00e9 el permis federatiu corresponent, i per tant no estan assegurats per la polissa que disposa aquesta federaci\u00f3. L&#8217;organitzador \u00e9s l&#8217;\u00fanic responsable de tenir les cobertures sanitaries i&hellip;","_links":{"self":[{"href":"https:\/\/fetrib.com\/web\/wp-json\/wp\/v2\/posts\/306","targetHints":{"allow":["GET"]}}],"collection":[{"href":"https:\/\/fetrib.com\/web\/wp-json\/wp\/v2\/posts"}],"about":[{"href":"https:\/\/fetrib.com\/web\/wp-json\/wp\/v2\/types\/post"}],"author":[{"embeddable":true,"href":"https:\/\/fetrib.com\/web\/wp-json\/wp\/v2\/users\/1"}],"replies":[{"embeddable":true,"href":"https:\/\/fetrib.com\/web\/wp-json\/wp\/v2\/comments?post=306"}],"version-history":[{"count":0,"href":"https:\/\/fetrib.com\/web\/wp-json\/wp\/v2\/posts\/306\/revisions"}],"wp:attachment":[{"href":"https:\/\/fetrib.com\/web\/wp-json\/wp\/v2\/media?parent=306"}],"wp:term":[{"taxonomy":"category","embeddable":true,"href":"https:\/\/fetrib.com\/web\/wp-json\/wp\/v2\/categories?post=306"},{"taxonomy":"post_tag","embeddable":true,"href":"https:\/\/fetrib.com\/web\/wp-json\/wp\/v2\/tags?post=306"}],"curies":[{"name":"wp","href":"https:\/\/api.w.org\/{rel}","templated":true}]}}