{"id":308,"date":"2013-08-22T09:10:14","date_gmt":"2013-08-22T09:10:14","guid":{"rendered":"http:\/\/www.fetrib.com\/web2018\/news\/latest-news\/i-triatlo-olimpic-de-formentera\/"},"modified":"2013-08-22T09:10:14","modified_gmt":"2013-08-22T09:10:14","slug":"i-triatlo-olimpic-de-formentera","status":"publish","type":"post","link":"https:\/\/fetrib.com\/web\/2013\/08\/22\/i-triatlo-olimpic-de-formentera\/","title":{"rendered":"I Triatl\u00f3 Olimpic de Formentera"},"content":{"rendered":"<p style=\"text-align: center;\"><img decoding=\"async\" src=\"images\/stories\/formenteraweb.jpg\" border=\"0\" width=\"75%\/\" \/><\/p>\n<p>Ja estan obertes les inscripcions per al I Triatl\u00f3 Ol\u00edmpic de Formentera que es disputar\u00e0 el proper 21 de setembre.<\/p>\n<p>Podeu obtenir m\u00e9s informaci\u00f3 aqu\u00ed, <a href=\"http:\/\/www.triatlonformentera.com\/\">www.triatlonformentera.com<\/a><\/p>\n","protected":false},"excerpt":{"rendered":"<p>Ja estan obertes les inscripcions per al I Triatl\u00f3 Ol\u00edmpic de Formentera que es disputar\u00e0 el proper 21 de setembre. Podeu obtenir m\u00e9s informaci\u00f3 aqu\u00ed, www.triatlonformentera.com<\/p>\n","protected":false},"author":1,"featured_media":0,"comment_status":"open","ping_status":"open","sticky":false,"template":"","format":"standard","meta":{"_uag_custom_page_level_css":"","footnotes":""},"categories":[37],"tags":[],"class_list":["post-308","post","type-post","status-publish","format-standard","hentry","category-latest-news"],"uagb_featured_image_src":{"full":false,"thumbnail":false,"medium":false,"medium_large":false,"large":false,"1536x1536":false,"2048x2048":false,"tie-small":false,"tie-large":false,"slider":false},"uagb_author_info":{"display_name":"admin","author_link":"https:\/\/fetrib.com\/web\/author\/admin\/"},"uagb_comment_info":0,"uagb_excerpt":"Ja estan obertes les inscripcions per al I Triatl\u00f3 Ol\u00edmpic de Formentera que es disputar\u00e0 el proper 21 de setembre. Podeu obtenir m\u00e9s informaci\u00f3 aqu\u00ed, www.triatlonformentera.com","_links":{"self":[{"href":"https:\/\/fetrib.com\/web\/wp-json\/wp\/v2\/posts\/308","targetHints":{"allow":["GET"]}}],"collection":[{"href":"https:\/\/fetrib.com\/web\/wp-json\/wp\/v2\/posts"}],"about":[{"href":"https:\/\/fetrib.com\/web\/wp-json\/wp\/v2\/types\/post"}],"author":[{"embeddable":true,"href":"https:\/\/fetrib.com\/web\/wp-json\/wp\/v2\/users\/1"}],"replies":[{"embeddable":true,"href":"https:\/\/fetrib.com\/web\/wp-json\/wp\/v2\/comments?post=308"}],"version-history":[{"count":0,"href":"https:\/\/fetrib.com\/web\/wp-json\/wp\/v2\/posts\/308\/revisions"}],"wp:attachment":[{"href":"https:\/\/fetrib.com\/web\/wp-json\/wp\/v2\/media?parent=308"}],"wp:term":[{"taxonomy":"category","embeddable":true,"href":"https:\/\/fetrib.com\/web\/wp-json\/wp\/v2\/categories?post=308"},{"taxonomy":"post_tag","embeddable":true,"href":"https:\/\/fetrib.com\/web\/wp-json\/wp\/v2\/tags?post=308"}],"curies":[{"name":"wp","href":"https:\/\/api.w.org\/{rel}","templated":true}]}}