{"id":319,"date":"2013-09-04T10:39:36","date_gmt":"2013-09-04T10:39:36","guid":{"rendered":"http:\/\/www.fetrib.com\/web2018\/news\/latest-news\/vi-duatlo-fira-darta\/"},"modified":"2013-09-04T10:39:36","modified_gmt":"2013-09-04T10:39:36","slug":"vi-duatlo-fira-darta","status":"publish","type":"post","link":"https:\/\/fetrib.com\/web\/2013\/09\/04\/vi-duatlo-fira-darta\/","title":{"rendered":"VI Duatl\u00f3 Fira d&#8217;Art\u00e0"},"content":{"rendered":"<p style=\"text-align: center;\"><img decoding=\"async\" class=\" size-full wp-image-318\" src=\"http:\/\/fetrib.com\/web\/wp-content\/uploads\/2013\/09\/cartell-duatlo-arta.jpg\" border=\"0\" width=\"75%\/\" srcset=\"https:\/\/fetrib.com\/web\/wp-content\/uploads\/2013\/09\/cartell-duatlo-arta.jpg 827w, https:\/\/fetrib.com\/web\/wp-content\/uploads\/2013\/09\/cartell-duatlo-arta-212x300.jpg 212w, https:\/\/fetrib.com\/web\/wp-content\/uploads\/2013\/09\/cartell-duatlo-arta-768x1086.jpg 768w, https:\/\/fetrib.com\/web\/wp-content\/uploads\/2013\/09\/cartell-duatlo-arta-724x1024.jpg 724w\" sizes=\"(max-width: 827px) 100vw, 827px\" \/><\/p>\n<p style=\"text-align: left;\">Nova edici\u00f3 del Duatl\u00f3 Fira d&#8217;Art\u00e0.<\/p>\n<p style=\"text-align: left;\">M\u00e9s informaci\u00f3 <a href=\"http:\/\/www.elitechip.net\/index.php?zwshow=compdet&amp;idcomp=1400110\">aqu\u00ed<\/a><\/p>\n","protected":false},"excerpt":{"rendered":"<p>Nova edici\u00f3 del Duatl\u00f3 Fira d&#8217;Art\u00e0. M\u00e9s informaci\u00f3 aqu\u00ed<\/p>\n","protected":false},"author":1,"featured_media":318,"comment_status":"open","ping_status":"open","sticky":false,"template":"","format":"standard","meta":{"_uag_custom_page_level_css":"","footnotes":""},"categories":[37],"tags":[],"class_list":["post-319","post","type-post","status-publish","format-standard","has-post-thumbnail","hentry","category-latest-news"],"uagb_featured_image_src":{"full":["https:\/\/fetrib.com\/web\/wp-content\/uploads\/2013\/09\/cartell-duatlo-arta.jpg",827,1169,false],"thumbnail":["https:\/\/fetrib.com\/web\/wp-content\/uploads\/2013\/09\/cartell-duatlo-arta-150x150.jpg",150,150,true],"medium":["https:\/\/fetrib.com\/web\/wp-content\/uploads\/2013\/09\/cartell-duatlo-arta-212x300.jpg",212,300,true],"medium_large":["https:\/\/fetrib.com\/web\/wp-content\/uploads\/2013\/09\/cartell-duatlo-arta-768x1086.jpg",620,877,true],"large":["https:\/\/fetrib.com\/web\/wp-content\/uploads\/2013\/09\/cartell-duatlo-arta-724x1024.jpg",620,877,true],"1536x1536":["https:\/\/fetrib.com\/web\/wp-content\/uploads\/2013\/09\/cartell-duatlo-arta.jpg",827,1169,false],"2048x2048":["https:\/\/fetrib.com\/web\/wp-content\/uploads\/2013\/09\/cartell-duatlo-arta.jpg",827,1169,false],"tie-small":["https:\/\/fetrib.com\/web\/wp-content\/uploads\/2013\/09\/cartell-duatlo-arta-70x70.jpg",70,70,true],"tie-large":["https:\/\/fetrib.com\/web\/wp-content\/uploads\/2013\/09\/cartell-duatlo-arta-300x160.jpg",300,160,true],"slider":["https:\/\/fetrib.com\/web\/wp-content\/uploads\/2013\/09\/cartell-duatlo-arta-620x330.jpg",620,330,true]},"uagb_author_info":{"display_name":"admin","author_link":"https:\/\/fetrib.com\/web\/author\/admin\/"},"uagb_comment_info":0,"uagb_excerpt":"Nova edici\u00f3 del Duatl\u00f3 Fira d&#8217;Art\u00e0. M\u00e9s informaci\u00f3 aqu\u00ed","_links":{"self":[{"href":"https:\/\/fetrib.com\/web\/wp-json\/wp\/v2\/posts\/319","targetHints":{"allow":["GET"]}}],"collection":[{"href":"https:\/\/fetrib.com\/web\/wp-json\/wp\/v2\/posts"}],"about":[{"href":"https:\/\/fetrib.com\/web\/wp-json\/wp\/v2\/types\/post"}],"author":[{"embeddable":true,"href":"https:\/\/fetrib.com\/web\/wp-json\/wp\/v2\/users\/1"}],"replies":[{"embeddable":true,"href":"https:\/\/fetrib.com\/web\/wp-json\/wp\/v2\/comments?post=319"}],"version-history":[{"count":0,"href":"https:\/\/fetrib.com\/web\/wp-json\/wp\/v2\/posts\/319\/revisions"}],"wp:featuredmedia":[{"embeddable":true,"href":"https:\/\/fetrib.com\/web\/wp-json\/wp\/v2\/media\/318"}],"wp:attachment":[{"href":"https:\/\/fetrib.com\/web\/wp-json\/wp\/v2\/media?parent=319"}],"wp:term":[{"taxonomy":"category","embeddable":true,"href":"https:\/\/fetrib.com\/web\/wp-json\/wp\/v2\/categories?post=319"},{"taxonomy":"post_tag","embeddable":true,"href":"https:\/\/fetrib.com\/web\/wp-json\/wp\/v2\/tags?post=319"}],"curies":[{"name":"wp","href":"https:\/\/api.w.org\/{rel}","templated":true}]}}