{"id":3203,"date":"2021-01-17T11:09:18","date_gmt":"2021-01-17T11:09:18","guid":{"rendered":"http:\/\/fetrib.com\/web\/?p=3203"},"modified":"2021-01-17T11:27:13","modified_gmt":"2021-01-17T11:27:13","slug":"curs-entrenador-de-triatlo-nivell-1","status":"publish","type":"post","link":"https:\/\/fetrib.com\/web\/2021\/01\/17\/curs-entrenador-de-triatlo-nivell-1\/","title":{"rendered":"Curs Entrenador de Triatl\u00f3 Nivell 1"},"content":{"rendered":"<p>La Federaci\u00f3 Balear de Triatl\u00f3, a trav\u00e9s del seu Departament de Formaci\u00f3, organitza durant l&#8217;any 2021\/22 el curs oficial d&#8217;Entrenador de Triatl\u00f3 Nivell I, regulat d&#8217;acord als requisits generals i els efectes de formacions esportives que marca l\u2019Ordre ECD\/158\/2014, de 5 de febrer, per la qual es regulen els aspectes curriculars, els requisits generals i els efectes de les activitats de formaci\u00f3 esportiva, als quals es refereix la disposici\u00f3 transit\u00f2ria primera del Reial Decret 1363\/2007, de 24 d&#8217;octubre. La formaci\u00f3 d&#8217;Entrenador de Triatl\u00f3 Nivell I est\u00e0 dirigida a aquelles persones que s&#8217;inici\u00efn en l&#8217;ensenyament de la t\u00e8cnica i la t\u00e0ctica d&#8217;aquest esport, aix\u00ed com la de dirigir i programar entrenaments a clubs i escoles, a nivell d&#8217;iniciaci\u00f3 esportiva. La qualitat i experi\u00e8ncia professional dels professors que imparteixen els ensenyaments fan possible un alt grau d&#8217;aprenentatge te\u00f2ric i pr\u00e0ctic.<\/p>\n<p>M\u00e9s informaci\u00f3 <a href=\"http:\/\/fetrib.com\/web\/wp-content\/uploads\/2021\/01\/Convocatoria.pdf\">Aqu\u00ed<\/a><\/p>\n","protected":false},"excerpt":{"rendered":"<p>La Federaci\u00f3 Balear de Triatl\u00f3, a trav\u00e9s del seu Departament de Formaci\u00f3, organitza durant l&#8217;any 2021\/22 el curs oficial d&#8217;Entrenador de Triatl\u00f3 Nivell I, regulat d&#8217;acord als requisits generals i els efectes de formacions esportives que marca l\u2019Ordre ECD\/158\/2014, de 5 de febrer, per la qual es regulen els aspectes curriculars, els requisits generals i &#8230;<\/p>\n","protected":false},"author":1,"featured_media":973,"comment_status":"closed","ping_status":"open","sticky":false,"template":"","format":"standard","meta":{"_uag_custom_page_level_css":"","footnotes":""},"categories":[1],"tags":[],"class_list":["post-3203","post","type-post","status-publish","format-standard","has-post-thumbnail","hentry","category-general"],"uagb_featured_image_src":{"full":["https:\/\/fetrib.com\/web\/wp-content\/uploads\/2017\/07\/foto-trikids-1.jpg",1600,1066,false],"thumbnail":["https:\/\/fetrib.com\/web\/wp-content\/uploads\/2017\/07\/foto-trikids-1-150x150.jpg",150,150,true],"medium":["https:\/\/fetrib.com\/web\/wp-content\/uploads\/2017\/07\/foto-trikids-1-300x200.jpg",300,200,true],"medium_large":["https:\/\/fetrib.com\/web\/wp-content\/uploads\/2017\/07\/foto-trikids-1-768x512.jpg",620,413,true],"large":["https:\/\/fetrib.com\/web\/wp-content\/uploads\/2017\/07\/foto-trikids-1-1024x682.jpg",620,413,true],"1536x1536":["https:\/\/fetrib.com\/web\/wp-content\/uploads\/2017\/07\/foto-trikids-1.jpg",1536,1023,false],"2048x2048":["https:\/\/fetrib.com\/web\/wp-content\/uploads\/2017\/07\/foto-trikids-1.jpg",1600,1066,false],"tie-small":["https:\/\/fetrib.com\/web\/wp-content\/uploads\/2017\/07\/foto-trikids-1-70x70.jpg",70,70,true],"tie-large":["https:\/\/fetrib.com\/web\/wp-content\/uploads\/2017\/07\/foto-trikids-1-300x160.jpg",300,160,true],"slider":["https:\/\/fetrib.com\/web\/wp-content\/uploads\/2017\/07\/foto-trikids-1-620x330.jpg",620,330,true]},"uagb_author_info":{"display_name":"admin","author_link":"https:\/\/fetrib.com\/web\/author\/admin\/"},"uagb_comment_info":0,"uagb_excerpt":"La Federaci\u00f3 Balear de Triatl\u00f3, a trav\u00e9s del seu Departament de Formaci\u00f3, organitza durant l&#8217;any 2021\/22 el curs oficial d&#8217;Entrenador de Triatl\u00f3 Nivell I, regulat d&#8217;acord als requisits generals i els efectes de formacions esportives que marca l\u2019Ordre ECD\/158\/2014, de 5 de febrer, per la qual es regulen els aspectes curriculars, els requisits generals i&hellip;","_links":{"self":[{"href":"https:\/\/fetrib.com\/web\/wp-json\/wp\/v2\/posts\/3203","targetHints":{"allow":["GET"]}}],"collection":[{"href":"https:\/\/fetrib.com\/web\/wp-json\/wp\/v2\/posts"}],"about":[{"href":"https:\/\/fetrib.com\/web\/wp-json\/wp\/v2\/types\/post"}],"author":[{"embeddable":true,"href":"https:\/\/fetrib.com\/web\/wp-json\/wp\/v2\/users\/1"}],"replies":[{"embeddable":true,"href":"https:\/\/fetrib.com\/web\/wp-json\/wp\/v2\/comments?post=3203"}],"version-history":[{"count":1,"href":"https:\/\/fetrib.com\/web\/wp-json\/wp\/v2\/posts\/3203\/revisions"}],"predecessor-version":[{"id":3205,"href":"https:\/\/fetrib.com\/web\/wp-json\/wp\/v2\/posts\/3203\/revisions\/3205"}],"wp:featuredmedia":[{"embeddable":true,"href":"https:\/\/fetrib.com\/web\/wp-json\/wp\/v2\/media\/973"}],"wp:attachment":[{"href":"https:\/\/fetrib.com\/web\/wp-json\/wp\/v2\/media?parent=3203"}],"wp:term":[{"taxonomy":"category","embeddable":true,"href":"https:\/\/fetrib.com\/web\/wp-json\/wp\/v2\/categories?post=3203"},{"taxonomy":"post_tag","embeddable":true,"href":"https:\/\/fetrib.com\/web\/wp-json\/wp\/v2\/tags?post=3203"}],"curies":[{"name":"wp","href":"https:\/\/api.w.org\/{rel}","templated":true}]}}