{"id":333,"date":"2013-09-11T08:49:31","date_gmt":"2013-09-11T08:49:31","guid":{"rendered":"http:\/\/www.fetrib.com\/web2018\/escolar-base\/triatlo-popular-de-sencelles\/"},"modified":"2013-09-11T08:49:31","modified_gmt":"2013-09-11T08:49:31","slug":"triatlo-popular-de-sencelles","status":"publish","type":"post","link":"https:\/\/fetrib.com\/web\/2013\/09\/11\/triatlo-popular-de-sencelles\/","title":{"rendered":"Triatl\u00f3 Popular de Sencelles"},"content":{"rendered":"<p style=\"text-align: center;\"><img decoding=\"async\" src=\"images\/stories\/img_3707.jpg\" border=\"0\" width=\"75%\/\" \/><\/p>\n<p>\u00c8xit de participaci\u00f3 al triatl\u00f3 popular de Sencelles, un total de 70  infants han participat en aquesta prova, que en la seva segona edici\u00f3 es  vol consolidar dins el calendari de promoci\u00f3 del triatl\u00f3 escolar.<\/p>\n<p>  <!--more-->  Han realitzat el segment d&#8217;aigua a la piscina municipal i el de ciclisme  i carrera a peu pel nucli urb\u00e0, acompanyats d&#8217;un p\u00fablic nombr\u00f3s que ha  animat durant tota la prova.<\/p>\n<p> Per finalitzar el dia, s&#8217;ha fet el lliurament de trofeus per federats i  locals, medalles i obsequis per a tots els infants i l&#8217;ajuntament de  Sencelles ha convidat a tots els participants i acompanyants a un  berenar gratu\u00eft.<\/p>\n<p> Agra\u00efm la col\u00b7laboraci\u00f3 i el suport del Departament d&#8217;Esports del  Consell de Mallorca, l&#8217;Ajuntament de Sencelles i el Corte Ingl\u00e9s a  l&#8217;hora de dur endevant proves com aquesta.<\/p>\n","protected":false},"excerpt":{"rendered":"<p>\u00c8xit de participaci\u00f3 al triatl\u00f3 popular de Sencelles, un total de 70 infants han participat en aquesta prova, que en la seva segona edici\u00f3 es vol consolidar dins el calendari de promoci\u00f3 del triatl\u00f3 escolar.<\/p>\n","protected":false},"author":1,"featured_media":0,"comment_status":"open","ping_status":"open","sticky":false,"template":"","format":"standard","meta":{"_uag_custom_page_level_css":"","footnotes":""},"categories":[29],"tags":[],"class_list":["post-333","post","type-post","status-publish","format-standard","hentry","category-escolar-base"],"uagb_featured_image_src":{"full":false,"thumbnail":false,"medium":false,"medium_large":false,"large":false,"1536x1536":false,"2048x2048":false,"tie-small":false,"tie-large":false,"slider":false},"uagb_author_info":{"display_name":"admin","author_link":"https:\/\/fetrib.com\/web\/author\/admin\/"},"uagb_comment_info":0,"uagb_excerpt":"\u00c8xit de participaci\u00f3 al triatl\u00f3 popular de Sencelles, un total de 70 infants han participat en aquesta prova, que en la seva segona edici\u00f3 es vol consolidar dins el calendari de promoci\u00f3 del triatl\u00f3 escolar.","_links":{"self":[{"href":"https:\/\/fetrib.com\/web\/wp-json\/wp\/v2\/posts\/333","targetHints":{"allow":["GET"]}}],"collection":[{"href":"https:\/\/fetrib.com\/web\/wp-json\/wp\/v2\/posts"}],"about":[{"href":"https:\/\/fetrib.com\/web\/wp-json\/wp\/v2\/types\/post"}],"author":[{"embeddable":true,"href":"https:\/\/fetrib.com\/web\/wp-json\/wp\/v2\/users\/1"}],"replies":[{"embeddable":true,"href":"https:\/\/fetrib.com\/web\/wp-json\/wp\/v2\/comments?post=333"}],"version-history":[{"count":0,"href":"https:\/\/fetrib.com\/web\/wp-json\/wp\/v2\/posts\/333\/revisions"}],"wp:attachment":[{"href":"https:\/\/fetrib.com\/web\/wp-json\/wp\/v2\/media?parent=333"}],"wp:term":[{"taxonomy":"category","embeddable":true,"href":"https:\/\/fetrib.com\/web\/wp-json\/wp\/v2\/categories?post=333"},{"taxonomy":"post_tag","embeddable":true,"href":"https:\/\/fetrib.com\/web\/wp-json\/wp\/v2\/tags?post=333"}],"curies":[{"name":"wp","href":"https:\/\/api.w.org\/{rel}","templated":true}]}}