{"id":334,"date":"2013-09-16T16:21:03","date_gmt":"2013-09-16T16:21:03","guid":{"rendered":"http:\/\/www.fetrib.com\/web2018\/news\/latest-news\/fantastic-cap-de-setmana-per-als-triatletes-balears\/"},"modified":"2013-09-16T16:21:03","modified_gmt":"2013-09-16T16:21:03","slug":"fantastic-cap-de-setmana-per-als-triatletes-balears","status":"publish","type":"post","link":"https:\/\/fetrib.com\/web\/2013\/09\/16\/fantastic-cap-de-setmana-per-als-triatletes-balears\/","title":{"rendered":"Fant\u00e1stic cap de setmana per als triatletes balears"},"content":{"rendered":"<p style=\"text-align: center;\"><img decoding=\"async\" src=\"images\/stories\/campionats.jpg\" border=\"0\" width=\"75%\/\" \/><\/p>\n<p>Mario Mola Bronze a les ITU World Triathlon Series i Irene Company, Javier Oliver i Joan Noguera campions d&#8217;Espanya de Triatl\u00f3 Cross.<\/p>\n<p>\u00a0<\/p>\n<p>  <!--more-->  <\/p>\n<p>\u00a0<\/p>\n<p>Despr\u00e9s d&#8217;una impresionant remuntada en el segment de carrera a peu, Mario Mola aconsegu\u00ed el tercer lloc en la ITU World Series que es disputava a Londres. Amb aquest tercer lloc finalitza tamb\u00e9 en tercera posici\u00f3 del ranking mundial, aconseguint 3726 punts en nom\u00e9s sis proves de les vuit puntuables.<\/p>\n<p>Per altra banda, aquest cap de setmana tamb\u00e9 es disputava el Campionat d&#8217;Espanya de Triatl\u00f3 Cross a Mazarr\u00f3n. All\u00e0, Irene Company (G25-29), Javier Oliver i Joan Noguera (cadets) es prolamaren Campions d&#8217;Espanya.<\/p>\n<p>Tamb\u00e9 participaren a\u00a0Mazarr\u00f3n  Jorge Garc\u00eda, Gorka Mart\u00ednez i Lloren\u00e7 Soler (Juniors) i Mart\u00ed Joan (G20-24).<\/p>\n<p>Cal destacar tamb\u00e9 el 18\u00e8 lloc de Federico Rodr\u00edguez que competia al Campionat del M\u00f3n de dist\u00e0ncia olimpica a Londres.<\/p>\n","protected":false},"excerpt":{"rendered":"<p>Mario Mola Bronze a les ITU World Triathlon Series i Irene Company, Javier Oliver i Joan Noguera campions d&#8217;Espanya de Triatl\u00f3 Cross. \u00a0<\/p>\n","protected":false},"author":1,"featured_media":0,"comment_status":"open","ping_status":"open","sticky":false,"template":"","format":"standard","meta":{"_uag_custom_page_level_css":"","footnotes":""},"categories":[37],"tags":[],"class_list":["post-334","post","type-post","status-publish","format-standard","hentry","category-latest-news"],"uagb_featured_image_src":{"full":false,"thumbnail":false,"medium":false,"medium_large":false,"large":false,"1536x1536":false,"2048x2048":false,"tie-small":false,"tie-large":false,"slider":false},"uagb_author_info":{"display_name":"admin","author_link":"https:\/\/fetrib.com\/web\/author\/admin\/"},"uagb_comment_info":0,"uagb_excerpt":"Mario Mola Bronze a les ITU World Triathlon Series i Irene Company, Javier Oliver i Joan Noguera campions d&#8217;Espanya de Triatl\u00f3 Cross. \u00a0","_links":{"self":[{"href":"https:\/\/fetrib.com\/web\/wp-json\/wp\/v2\/posts\/334","targetHints":{"allow":["GET"]}}],"collection":[{"href":"https:\/\/fetrib.com\/web\/wp-json\/wp\/v2\/posts"}],"about":[{"href":"https:\/\/fetrib.com\/web\/wp-json\/wp\/v2\/types\/post"}],"author":[{"embeddable":true,"href":"https:\/\/fetrib.com\/web\/wp-json\/wp\/v2\/users\/1"}],"replies":[{"embeddable":true,"href":"https:\/\/fetrib.com\/web\/wp-json\/wp\/v2\/comments?post=334"}],"version-history":[{"count":0,"href":"https:\/\/fetrib.com\/web\/wp-json\/wp\/v2\/posts\/334\/revisions"}],"wp:attachment":[{"href":"https:\/\/fetrib.com\/web\/wp-json\/wp\/v2\/media?parent=334"}],"wp:term":[{"taxonomy":"category","embeddable":true,"href":"https:\/\/fetrib.com\/web\/wp-json\/wp\/v2\/categories?post=334"},{"taxonomy":"post_tag","embeddable":true,"href":"https:\/\/fetrib.com\/web\/wp-json\/wp\/v2\/tags?post=334"}],"curies":[{"name":"wp","href":"https:\/\/api.w.org\/{rel}","templated":true}]}}