{"id":341,"date":"2013-09-24T10:34:53","date_gmt":"2013-09-24T10:34:53","guid":{"rendered":"http:\/\/www.fetrib.com\/web2018\/escolar-base\/clinic-per-a-categories-base-a-son-hugo\/"},"modified":"2013-09-24T10:34:53","modified_gmt":"2013-09-24T10:34:53","slug":"clinic-per-a-categories-base-a-son-hugo","status":"publish","type":"post","link":"https:\/\/fetrib.com\/web\/2013\/09\/24\/clinic-per-a-categories-base-a-son-hugo\/","title":{"rendered":"Cl\u00ednic per a categories base a Son Hugo"},"content":{"rendered":"<p style=\"text-align: center;\"><img decoding=\"async\" src=\"images\/stories\/dsc06784.jpg\" border=\"0\" width=\"75%\" \/><\/p>\n<p>El cl\u00ednic es dur\u00e0 a terme el diumenge 29 de setembre de 2013 al Poliesportiu Municipal de Son Hugo.<\/p>\n<p>L\u2019activitat es realitzar\u00e0 de 09,30 h a 13,30 h.<\/p>\n<p>  <!--more-->  <\/p>\n<p>Aquest cl\u00ednic pret\u00e9n reunir tots els infants i joves que han participat en alguna de les proves programades per a la base durant la temporada 2012-2013.<\/p>\n<p>\u00a0<\/p>\n<p>Pensam que aquesta activitat, ens serveix per finalitzar la temporada tots junts compartint unes sessions t\u00e8cniques i que pot ser una experi\u00e8ncia molt enriquidora per a tots els participants.<\/p>\n<p>Des de la FETRIB tamb\u00e9 volem impulsar una nova iniciativa i organitzar al mateix temps dues sessions t\u00e8cniques (una d&#8217;aigua i una d&#8217;estiraments) per als pares, mares o acompanyants dels infants.<\/p>\n<p><strong>PARTICIPANTS (pr\u00e8via inscripci\u00f3) <\/strong><\/p>\n<p>Infants federats i no federats en edat escolar que han participat en alguna prova del calendari de triatl\u00f3 escolar.  Pares, mares i acompanyants dels infants que participin (gratu\u00eft)<\/p>\n<p>Tamb\u00e9 poden participar els infants que mai no han fet cap activitat o prova de la FETRIB, en aquest cas s&#8217;ha de fer el pagament de 7 euros pel seguro escolar del departament d&#8217;Esports del Consell de Mallorca i presentar resguard bancari el dia del cl\u00ednic:<\/p>\n<p>CC\/ Sa Nostra 0487-2198-01-2000000949 Prebal (Previsi\u00f3n Balear)<\/p>\n<p>Es realitzar\u00e0 un circuit en qu\u00e8 es treballaran els tres esports per separat. Hi haur\u00e0 tres estacions. Es realitzaran tres categories per anar rotant:<\/p>\n<p>\u27a2\tPrebenjam\u00ed (6- 8 anys)<\/p>\n<p>\u27a2\tBenjam\u00ed i Alev\u00ed (9-12 anys)<\/p>\n<p>\u27a2\tInfantil i Cadet (13-16 anys)<\/p>\n<p>El canvi es realitzar\u00e0 mitjan\u00e7ant una rotaci\u00f3. La duraci\u00f3 de l\u2019activitat a cada estaci\u00f3 ser\u00e0 de 50\u2019 aproximadament.<\/p>\n<p>\u27a2\t50\u2019 d\u2019iniciaci\u00f3 a la t\u00e8cnica de la NATACI\u00d3<\/p>\n<p>\u27a2\t50\u2019 de taller de CICLISME<\/p>\n<p>\u27a2\t50\u2019 d\u2019activitats d\u2019ATLETISME<\/p>\n<p>Activitats (t\u00e8cniques instrumentals b\u00e0siques) que es desenvoluparan a cada estaci\u00f3:<\/p>\n<p>\u27a2\tde nataci\u00f3 (flotaci\u00f3, resist\u00e8ncia, propulsi\u00f3 b\u00e0sica, t\u00e8cnica b\u00e0sica del crol)<\/p>\n<p>\u27a2\td\u2019atletisme (t\u00e8cnica b\u00e0sica de carrera)<\/p>\n<p>\u27a2\tde ciclisme (circuit d\u2019habilitats i conducci\u00f3, posici\u00f3, transicions, mec\u00e0nica i t\u00e8cnica de carrera)<\/p>\n","protected":false},"excerpt":{"rendered":"<p>El cl\u00ednic es dur\u00e0 a terme el diumenge 29 de setembre de 2013 al Poliesportiu Municipal de Son Hugo. L\u2019activitat es realitzar\u00e0 de 09,30 h a 13,30 h.<\/p>\n","protected":false},"author":1,"featured_media":0,"comment_status":"open","ping_status":"open","sticky":false,"template":"","format":"standard","meta":{"_uag_custom_page_level_css":"","footnotes":""},"categories":[29],"tags":[],"class_list":["post-341","post","type-post","status-publish","format-standard","hentry","category-escolar-base"],"uagb_featured_image_src":{"full":false,"thumbnail":false,"medium":false,"medium_large":false,"large":false,"1536x1536":false,"2048x2048":false,"tie-small":false,"tie-large":false,"slider":false},"uagb_author_info":{"display_name":"admin","author_link":"https:\/\/fetrib.com\/web\/author\/admin\/"},"uagb_comment_info":0,"uagb_excerpt":"El cl\u00ednic es dur\u00e0 a terme el diumenge 29 de setembre de 2013 al Poliesportiu Municipal de Son Hugo. L\u2019activitat es realitzar\u00e0 de 09,30 h a 13,30 h.","_links":{"self":[{"href":"https:\/\/fetrib.com\/web\/wp-json\/wp\/v2\/posts\/341","targetHints":{"allow":["GET"]}}],"collection":[{"href":"https:\/\/fetrib.com\/web\/wp-json\/wp\/v2\/posts"}],"about":[{"href":"https:\/\/fetrib.com\/web\/wp-json\/wp\/v2\/types\/post"}],"author":[{"embeddable":true,"href":"https:\/\/fetrib.com\/web\/wp-json\/wp\/v2\/users\/1"}],"replies":[{"embeddable":true,"href":"https:\/\/fetrib.com\/web\/wp-json\/wp\/v2\/comments?post=341"}],"version-history":[{"count":0,"href":"https:\/\/fetrib.com\/web\/wp-json\/wp\/v2\/posts\/341\/revisions"}],"wp:attachment":[{"href":"https:\/\/fetrib.com\/web\/wp-json\/wp\/v2\/media?parent=341"}],"wp:term":[{"taxonomy":"category","embeddable":true,"href":"https:\/\/fetrib.com\/web\/wp-json\/wp\/v2\/categories?post=341"},{"taxonomy":"post_tag","embeddable":true,"href":"https:\/\/fetrib.com\/web\/wp-json\/wp\/v2\/tags?post=341"}],"curies":[{"name":"wp","href":"https:\/\/api.w.org\/{rel}","templated":true}]}}