{"id":342,"date":"2013-09-24T16:59:16","date_gmt":"2013-09-24T16:59:16","guid":{"rendered":"http:\/\/www.fetrib.com\/web2018\/news\/latest-news\/campionat-de-balears-de-mitja-distancia\/"},"modified":"2013-09-24T16:59:16","modified_gmt":"2013-09-24T16:59:16","slug":"campionat-de-balears-de-mitja-distancia","status":"publish","type":"post","link":"https:\/\/fetrib.com\/web\/2013\/09\/24\/campionat-de-balears-de-mitja-distancia\/","title":{"rendered":"Campionat de Balears de Mitja Dist\u00e0ncia"},"content":{"rendered":"<p style=\"text-align: center;\"><img decoding=\"async\" src=\"images\/stories\/podium extreme.jpg\" border=\"0\" width=\"75%\" \/><\/p>\n<p style=\"text-align: justify;\"><span id=\"result_box\" lang=\"ca\"><span class=\"hps\">Josep Torres<\/span> <span class=\"hps\">i Roc\u00edo<\/span> <span class=\"hps\">Delgado<\/span> <span class=\"hps\">es fan<\/span> <span class=\"hps\">amb<\/span> <span class=\"hps\">el t\u00edtol<\/span> <span class=\"hps\">de Campions<\/span> <span class=\"hps\">de Balears de<\/span> <span class=\"hps\">triatl\u00f3 de mitja dist\u00e0ncia<\/span><span>.<\/span><br \/> <\/span><\/p>\n<p>  <!--more-->  <\/p>\n<p>\u00a0<\/p>\n<p style=\"text-align: justify;\"><span class=\"hps\">La prova<\/span> <span class=\"hps\">disputada<\/span> <span class=\"hps\">sota el marc de<\/span> <span class=\"hps\">Extreme Man<\/span> <span class=\"hps\">a la localitat<\/span> <span class=\"hps\">de Fornells<\/span><span>,<\/span> <span class=\"hps\">Menorca<\/span><span>,<\/span> <span class=\"hps\">es va disputar<\/span> <span class=\"hps\">sobre una dist\u00e0ncia de<\/span> <span class=\"hps\">1900m<\/span> <span class=\"hps\">de nataci\u00f3<\/span><span>,<\/span> <span class=\"hps\">90<\/span> <span class=\"hps\">de ciclisme<\/span> <span class=\"hps\">i<\/span> <span class=\"hps\">21<\/span> <span class=\"hps\">de cursa a peu<\/span> <span class=\"hps\">per finalitzar<\/span><span>.<\/span><\/p>\n<p><span class=\"hps\">La classificaci\u00f3<\/span> <span class=\"hps\">general final<\/span> <span class=\"hps\">col\u00b7loca<\/span> <span class=\"hps\">al p\u00f2dium<\/span> a <span class=\"hps\">l&#8217;eivissenc<\/span> <span class=\"hps\">Josep Torres<\/span> <span class=\"hps\">com a guanyador<\/span> <span class=\"hps\">per davant del<\/span> <span class=\"hps\">menorqu\u00ed<\/span> <span class=\"hps\">Juli<\/span> <span class=\"hps\">Mart\u00ed<\/span> <span class=\"hps\">que es va fer<\/span> <span class=\"hps\">amb<\/span> <span class=\"hps\">el subcampionat<\/span> <span class=\"hps\">i<\/span> <span class=\"hps\">el mallorqu\u00ed<\/span> <span class=\"hps\">Jos\u00e9<\/span> <span class=\"hps\">Guerra,<\/span> <span class=\"hps\">tercer.<\/span> <span class=\"hps\">Pel que fa a<\/span> <span class=\"hps\">la prova femenina<\/span> <span class=\"hps\">la vict\u00f2ria<\/span> <span class=\"hps\">i<\/span> <span class=\"hps\">t\u00edtol<\/span> <span class=\"hps\">de campiona<\/span> <span class=\"hps\">de Balears<\/span> <span class=\"hps\">va ser<\/span> <span class=\"hps\">per a Roc\u00edo<\/span> <span class=\"hps\">Delgado<\/span> <span class=\"hps\">per davant<\/span> <span class=\"hps\">d&#8217;Aina<\/span> <span class=\"hps\">Mart\u00ednez<\/span><span>,<\/span> <span class=\"hps\">segona<\/span><span>,<\/span> <span class=\"hps\">i<\/span> <span class=\"hps\">MPaz<\/span> <span class=\"hps\">Cerd\u00e0<\/span> <span class=\"hps\">tercera<\/span><span>.<\/span><\/p>\n<p style=\"text-align: justify;\"><span id=\"result_box\" lang=\"ca\"><span class=\"hps\">En<\/span> <span class=\"hps\">equips<\/span> <span class=\"hps\">la vict\u00f2ria<\/span> <span class=\"hps\">va ser per al<\/span> <span class=\"hps\">CTC<\/span> <span class=\"hps\">Rocker<\/span> <span class=\"hps\">Bikes<\/span> <span class=\"hps\">per davant del<\/span> <span class=\"hps\">Xtrem<\/span> <span class=\"hps\">Menorca<\/span> <span class=\"hps\">i<\/span> <span class=\"hps\">Triats.som<\/span><\/p>\n<p><span class=\"hps\">Ja finalitzant la temporada de triatlons, el <\/span><span class=\"hps\">pr\u00f2xim 13<\/span> <span class=\"hps\">d&#8217;octubre a<\/span> <span class=\"hps\">Peguera<\/span>, <span class=\"hps\">es disputar\u00e0 el<\/span> <span class=\"hps\">Campionat<\/span> <span class=\"hps\">de Balears de<\/span> <span class=\"hps\">triatl\u00f3<\/span> <span class=\"hps\">dist\u00e0ncia Ol\u00edmpica<\/span><span>,<\/span> <span class=\"hps\">de 1500m<\/span> <span class=\"hps\">de nataci\u00f3<\/span><span>,<\/span> <span class=\"hps\">40<\/span> <span class=\"hps\">de ciclisme<\/span> <span class=\"hps\">i 10<\/span> <span class=\"hps\">de cursa a peu<\/span><span>.<\/span><span> <\/span><\/span><\/p>\n","protected":false},"excerpt":{"rendered":"<p>Josep Torres i Roc\u00edo Delgado es fan amb el t\u00edtol de Campions de Balears de triatl\u00f3 de mitja dist\u00e0ncia.<\/p>\n","protected":false},"author":1,"featured_media":0,"comment_status":"open","ping_status":"open","sticky":false,"template":"","format":"standard","meta":{"_uag_custom_page_level_css":"","footnotes":""},"categories":[37],"tags":[],"class_list":["post-342","post","type-post","status-publish","format-standard","hentry","category-latest-news"],"uagb_featured_image_src":{"full":false,"thumbnail":false,"medium":false,"medium_large":false,"large":false,"1536x1536":false,"2048x2048":false,"tie-small":false,"tie-large":false,"slider":false},"uagb_author_info":{"display_name":"admin","author_link":"https:\/\/fetrib.com\/web\/author\/admin\/"},"uagb_comment_info":0,"uagb_excerpt":"Josep Torres i Roc\u00edo Delgado es fan amb el t\u00edtol de Campions de Balears de triatl\u00f3 de mitja dist\u00e0ncia.","_links":{"self":[{"href":"https:\/\/fetrib.com\/web\/wp-json\/wp\/v2\/posts\/342","targetHints":{"allow":["GET"]}}],"collection":[{"href":"https:\/\/fetrib.com\/web\/wp-json\/wp\/v2\/posts"}],"about":[{"href":"https:\/\/fetrib.com\/web\/wp-json\/wp\/v2\/types\/post"}],"author":[{"embeddable":true,"href":"https:\/\/fetrib.com\/web\/wp-json\/wp\/v2\/users\/1"}],"replies":[{"embeddable":true,"href":"https:\/\/fetrib.com\/web\/wp-json\/wp\/v2\/comments?post=342"}],"version-history":[{"count":0,"href":"https:\/\/fetrib.com\/web\/wp-json\/wp\/v2\/posts\/342\/revisions"}],"wp:attachment":[{"href":"https:\/\/fetrib.com\/web\/wp-json\/wp\/v2\/media?parent=342"}],"wp:term":[{"taxonomy":"category","embeddable":true,"href":"https:\/\/fetrib.com\/web\/wp-json\/wp\/v2\/categories?post=342"},{"taxonomy":"post_tag","embeddable":true,"href":"https:\/\/fetrib.com\/web\/wp-json\/wp\/v2\/tags?post=342"}],"curies":[{"name":"wp","href":"https:\/\/api.w.org\/{rel}","templated":true}]}}