{"id":343,"date":"2013-09-26T15:11:16","date_gmt":"2013-09-26T15:11:16","guid":{"rendered":"http:\/\/www.fetrib.com\/web2018\/news\/latest-news\/i-lets-tri-pollenca\/"},"modified":"2013-09-26T15:11:16","modified_gmt":"2013-09-26T15:11:16","slug":"i-lets-tri-pollenca","status":"publish","type":"post","link":"https:\/\/fetrib.com\/web\/2013\/09\/26\/i-lets-tri-pollenca\/","title":{"rendered":"I Let&#8217;s Tri Pollen\u00e7a"},"content":{"rendered":"<div style=\"font-size: 12.9925px; font-family: sans-serif; left: 110.32px; top: 385.246px; transform: scale(0.998054, 1); transform-origin: 0% 0% 0px; text-align: center;\" dir=\"ltr\"><img decoding=\"async\" src=\"images\/stories\/img_2367.jpg\" border=\"0\" width=\"75%\/\" \/><\/div>\n<div style=\"font-size: 12.9925px; font-family: sans-serif; left: 110.32px; top: 385.246px; transform: scale(0.998054, 1); transform-origin: 0% 0% 0px;\" dir=\"ltr\">Ya se ha presentado el Triatl\u00f3n LET&#8217;S TRI Pollen\u00e7a, fue en la sala de plenos del Ayuntamiento de Pollen\u00e7a y cont\u00f3 con la presencia del Sr. Tomeu Cifre Ochogavia, Alcalde de Pollen\u00e7a y del regidor de deportes el Sr.Joan Ram\u00f3n Mateu, adem\u00e1s de otros representantes de dicho ayuntamiento y Francisco Mar\u00edn gerente de la FETRIB.   <!--more-->  <\/div>\n<div style=\"font-size: 12.9925px; font-family: sans-serif; left: 337.361px; top: 444.926px; transform: scale(0.99813, 1); transform-origin: 0% 0% 0px;\" dir=\"ltr\">Dicho triatl\u00f3n es una experiencia deportiva, individual y de resistencia, que reunir\u00e1 el pr\u00f3ximo s\u00e1bado 28 de septiembre a las 15:00 tres disciplinas deportivas, nataci\u00f3n, ciclismo carrera a pie.<\/div>\n<div style=\"font-size: 12.9925px; font-family: sans-serif; left: 110.32px; top: 534.366px; transform: scale(0.998472, 1); transform-origin: 0% 0% 0px;\" dir=\"ltr\">El triatl\u00f3n es distancia super ol\u00edmpica con unas distancias de 1900m de nataci\u00f3n con salida en Llenaire, 60km de ciclismo y 10km de carrera a pie con llegada al Polideportivo de Pollen\u00e7a. Esta prueba de la Challenge LET&#8217;s TRI contar\u00e1 con los siguientes triatletas PRO: Georg Potrebitsch, Carlos Lopez, Miquel Cap\u00f3, Miguel Angel Fidalgo, Miguel Fernandez Mini\u00f1o,<\/div>\n<div style=\"font-size: 12.9925px; font-family: sans-serif; left: 110.32px; top: 549.247px; transform: scale(0.998203, 1); transform-origin: 0% 0% 0px;\" dir=\"ltr\">Miquel Ensenyat entre otros y contar\u00e1 con una participaci\u00f3n de aproximadamente 200 atleta.<\/div>\n<div style=\"font-size: 12.9925px; font-family: sans-serif; left: 110.32px; top: 608.927px; transform: scale(0.998872, 1); transform-origin: 0% 0% 0px;\" dir=\"ltr\">La entrega de premios se llevar\u00e1 a t\u00e9rmino, a las 19:30h en el Polideportivo de Pollen\u00e7a y contar\u00e1 con la presencia de las Autoridades implicadas.<\/div>\n<div style=\"font-size: 12.9925px; font-family: sans-serif; left: 199.601px; top: 638.687px; transform: scale(1.10021, 1); transform-origin: 0% 0% 0px;\" dir=\"ltr\">Informaci\u00f3n en www.letstri.es<\/div>\n","protected":false},"excerpt":{"rendered":"<p>Ya se ha presentado el Triatl\u00f3n LET&#8217;S TRI Pollen\u00e7a, fue en la sala de plenos del Ayuntamiento de Pollen\u00e7a y cont\u00f3 con la presencia del Sr. Tomeu Cifre Ochogavia, Alcalde de Pollen\u00e7a y del regidor de deportes el Sr.Joan Ram\u00f3n Mateu, adem\u00e1s de otros representantes de dicho ayuntamiento y Francisco Mar\u00edn gerente de la FETRIB.<\/p>\n","protected":false},"author":1,"featured_media":0,"comment_status":"open","ping_status":"open","sticky":false,"template":"","format":"standard","meta":{"_uag_custom_page_level_css":"","footnotes":""},"categories":[37],"tags":[],"class_list":["post-343","post","type-post","status-publish","format-standard","hentry","category-latest-news"],"uagb_featured_image_src":{"full":false,"thumbnail":false,"medium":false,"medium_large":false,"large":false,"1536x1536":false,"2048x2048":false,"tie-small":false,"tie-large":false,"slider":false},"uagb_author_info":{"display_name":"admin","author_link":"https:\/\/fetrib.com\/web\/author\/admin\/"},"uagb_comment_info":0,"uagb_excerpt":"Ya se ha presentado el Triatl\u00f3n LET&#8217;S TRI Pollen\u00e7a, fue en la sala de plenos del Ayuntamiento de Pollen\u00e7a y cont\u00f3 con la presencia del Sr. Tomeu Cifre Ochogavia, Alcalde de Pollen\u00e7a y del regidor de deportes el Sr.Joan Ram\u00f3n Mateu, adem\u00e1s de otros representantes de dicho ayuntamiento y Francisco Mar\u00edn gerente de la FETRIB.","_links":{"self":[{"href":"https:\/\/fetrib.com\/web\/wp-json\/wp\/v2\/posts\/343","targetHints":{"allow":["GET"]}}],"collection":[{"href":"https:\/\/fetrib.com\/web\/wp-json\/wp\/v2\/posts"}],"about":[{"href":"https:\/\/fetrib.com\/web\/wp-json\/wp\/v2\/types\/post"}],"author":[{"embeddable":true,"href":"https:\/\/fetrib.com\/web\/wp-json\/wp\/v2\/users\/1"}],"replies":[{"embeddable":true,"href":"https:\/\/fetrib.com\/web\/wp-json\/wp\/v2\/comments?post=343"}],"version-history":[{"count":0,"href":"https:\/\/fetrib.com\/web\/wp-json\/wp\/v2\/posts\/343\/revisions"}],"wp:attachment":[{"href":"https:\/\/fetrib.com\/web\/wp-json\/wp\/v2\/media?parent=343"}],"wp:term":[{"taxonomy":"category","embeddable":true,"href":"https:\/\/fetrib.com\/web\/wp-json\/wp\/v2\/categories?post=343"},{"taxonomy":"post_tag","embeddable":true,"href":"https:\/\/fetrib.com\/web\/wp-json\/wp\/v2\/tags?post=343"}],"curies":[{"name":"wp","href":"https:\/\/api.w.org\/{rel}","templated":true}]}}