{"id":3435,"date":"2021-10-03T10:33:05","date_gmt":"2021-10-03T10:33:05","guid":{"rendered":"http:\/\/fetrib.com\/web\/?p=3435"},"modified":"2021-10-03T10:34:59","modified_gmt":"2021-10-03T10:34:59","slug":"javi-cardona-e-irati-matas-se-proclaman-campeones-de-baleares-de-triatlon","status":"publish","type":"post","link":"https:\/\/fetrib.com\/web\/2021\/10\/03\/javi-cardona-e-irati-matas-se-proclaman-campeones-de-baleares-de-triatlon\/","title":{"rendered":"Javi Cardona e Irati Matas se proclaman Campeones de Baleares de Triatl\u00f3n"},"content":{"rendered":"<p>Javier Cardona, de la Asociaci\u00f3n Deportiva Ibiza Half Triatl\u00f3n, e Irati Matas, del Stadium Casablanca, se han proclamado campeones de Balears de triatl\u00f3n en el marco de la octava edici\u00f3n del Triatl\u00f3 Illa de Formentera, que se ha celebrado en Es Pujols, con la participaci\u00f3n de casi 400 corredores entre las categor\u00edas Ol\u00edmpico y Sprint. Matas ha sido tambi\u00e9n la primera en cruzar la meta y se ha adjudicado esta octava edici\u00f3n de la prueba, algo que no ha podido lograr Cardona, que ha llegado en quinta posici\u00f3n. Los vencedores absolutos de la prueba larga han sido los hermanos Parrilla, Ismael y Alberto, que han entrado de la mano, con un tiempo de 2h10\u201940\u201d.<\/p>\n<p>Los podium han sido completados por Juan Mar\u00edn del Club Triatl\u00f3 Global Training y Miquel A. Cap\u00f3 de S&#8217;escapada en categoria masculina y Lola Fernandez del Club Triatl\u00f3 Global Training y Bel\u00e9n Viv\u00f3 del Island Sport-Triton en categoria femenina.<\/p>\n<p>En cuanto a la clasificaci\u00f3n de Clubs el Club Triatl\u00f3 Global Training consigui\u00f3 la primera posici\u00f3n tanto en masculino como en femenino. Grup Esportiu Espalmador de Formentera i AD Ibiza Half Triatl\u00f3n completaron el caj\u00f3n de ganadores masculino y PSA Retail TRI en categoria femenina.<\/p>\n<p>Antes del triatl\u00f3n ol\u00edmpico, en el que los atletas han tenido que recorrer 1.500 metros nadando, 40 en bicicleta y 10 kil\u00f3metros corriendo, se ha celebrado la prueba en categor\u00eda Sprint, sobre la mitad de distancia en las tres pruebas. En esta categor\u00eda, el triunfo absoluto ha sido para Jorge Morcillo, del Ecosport Alcobendas, con un tiempo de 1h04\u201909\u201d, mientras que en f\u00e9minas se ha impuesto Ainara Minaya, del G.D. Presuntos, con una marca de 1h17\u201902\u201d.<\/p>\n<p>La prueba, que este a\u00f1o alcanzaba su octava edici\u00f3n con r\u00e9cord de participantes, despu\u00e9s de su suspensi\u00f3n el a\u00f1o pasado por culpa de la pandemia, ha vuelto a ser un \u00e9xito de participaci\u00f3n y los corredores han disfrutado de unas magn\u00edficas condiciones meteorol\u00f3gicas y tambi\u00e9n en el mar para dar lo m\u00e1ximo y ofrecer un magn\u00edfico espect\u00e1culo que ha sido seguido por numeroso p\u00fablico en Es Pujols.<\/p>\n<p><a href=\"https:\/\/www.elitechip.net\/system\/public\/download\/d07b045821b59ee92b45bcc0a2d70ece.pdf\">Clasificaci\u00f3n Cto de Baleares<\/a><\/p>\n<p><a href=\"https:\/\/www.elitechip.net\/system\/public\/download\/8b0fdab1548f40ebadba5da8136a0f52.pdf\">Clasificaci\u00f3n por Clubs<\/a><\/p>\n<p><a href=\"http:\/\/fetrib.com\/web\/wp-content\/uploads\/2021\/10\/WhatsApp-Image-2021-10-02-at-18.15.30.jpeg\"><img loading=\"lazy\" decoding=\"async\" class=\"alignleft size-large wp-image-3436\" src=\"http:\/\/fetrib.com\/web\/wp-content\/uploads\/2021\/10\/WhatsApp-Image-2021-10-02-at-18.15.30-1024x768.jpeg\" alt=\"\" width=\"620\" height=\"465\" srcset=\"https:\/\/fetrib.com\/web\/wp-content\/uploads\/2021\/10\/WhatsApp-Image-2021-10-02-at-18.15.30-1024x768.jpeg 1024w, https:\/\/fetrib.com\/web\/wp-content\/uploads\/2021\/10\/WhatsApp-Image-2021-10-02-at-18.15.30-300x225.jpeg 300w, https:\/\/fetrib.com\/web\/wp-content\/uploads\/2021\/10\/WhatsApp-Image-2021-10-02-at-18.15.30-768x576.jpeg 768w, https:\/\/fetrib.com\/web\/wp-content\/uploads\/2021\/10\/WhatsApp-Image-2021-10-02-at-18.15.30.jpeg 1600w\" sizes=\"auto, (max-width: 620px) 100vw, 620px\" \/><\/a><\/p>\n<p>&nbsp;<\/p>\n<p>&nbsp;<\/p>\n<p>&nbsp;<\/p>\n<p>&nbsp;<\/p>\n","protected":false},"excerpt":{"rendered":"<p>Javier Cardona, de la Asociaci\u00f3n Deportiva Ibiza Half Triatl\u00f3n, e Irati Matas, del Stadium Casablanca, se han proclamado campeones de Balears de triatl\u00f3n en el marco de la octava edici\u00f3n del Triatl\u00f3 Illa de Formentera, que se ha celebrado en Es Pujols, con la participaci\u00f3n de casi 400 corredores entre las categor\u00edas Ol\u00edmpico y Sprint. &#8230;<\/p>\n","protected":false},"author":1,"featured_media":3437,"comment_status":"closed","ping_status":"open","sticky":false,"template":"","format":"standard","meta":{"_uag_custom_page_level_css":"","footnotes":""},"categories":[1],"tags":[],"class_list":["post-3435","post","type-post","status-publish","format-standard","has-post-thumbnail","hentry","category-general"],"uagb_featured_image_src":{"full":["https:\/\/fetrib.com\/web\/wp-content\/uploads\/2021\/10\/WhatsApp-Image-2021-10-02-at-18.53.48.jpeg",1599,899,false],"thumbnail":["https:\/\/fetrib.com\/web\/wp-content\/uploads\/2021\/10\/WhatsApp-Image-2021-10-02-at-18.53.48-150x150.jpeg",150,150,true],"medium":["https:\/\/fetrib.com\/web\/wp-content\/uploads\/2021\/10\/WhatsApp-Image-2021-10-02-at-18.53.48-300x169.jpeg",300,169,true],"medium_large":["https:\/\/fetrib.com\/web\/wp-content\/uploads\/2021\/10\/WhatsApp-Image-2021-10-02-at-18.53.48-768x432.jpeg",620,349,true],"large":["https:\/\/fetrib.com\/web\/wp-content\/uploads\/2021\/10\/WhatsApp-Image-2021-10-02-at-18.53.48-1024x576.jpeg",620,349,true],"1536x1536":["https:\/\/fetrib.com\/web\/wp-content\/uploads\/2021\/10\/WhatsApp-Image-2021-10-02-at-18.53.48.jpeg",1536,864,false],"2048x2048":["https:\/\/fetrib.com\/web\/wp-content\/uploads\/2021\/10\/WhatsApp-Image-2021-10-02-at-18.53.48.jpeg",1599,899,false],"tie-small":["https:\/\/fetrib.com\/web\/wp-content\/uploads\/2021\/10\/WhatsApp-Image-2021-10-02-at-18.53.48-70x70.jpeg",70,70,true],"tie-large":["https:\/\/fetrib.com\/web\/wp-content\/uploads\/2021\/10\/WhatsApp-Image-2021-10-02-at-18.53.48-300x160.jpeg",300,160,true],"slider":["https:\/\/fetrib.com\/web\/wp-content\/uploads\/2021\/10\/WhatsApp-Image-2021-10-02-at-18.53.48-620x330.jpeg",620,330,true]},"uagb_author_info":{"display_name":"admin","author_link":"https:\/\/fetrib.com\/web\/author\/admin\/"},"uagb_comment_info":0,"uagb_excerpt":"Javier Cardona, de la Asociaci\u00f3n Deportiva Ibiza Half Triatl\u00f3n, e Irati Matas, del Stadium Casablanca, se han proclamado campeones de Balears de triatl\u00f3n en el marco de la octava edici\u00f3n del Triatl\u00f3 Illa de Formentera, que se ha celebrado en Es Pujols, con la participaci\u00f3n de casi 400 corredores entre las categor\u00edas Ol\u00edmpico y Sprint.&hellip;","_links":{"self":[{"href":"https:\/\/fetrib.com\/web\/wp-json\/wp\/v2\/posts\/3435","targetHints":{"allow":["GET"]}}],"collection":[{"href":"https:\/\/fetrib.com\/web\/wp-json\/wp\/v2\/posts"}],"about":[{"href":"https:\/\/fetrib.com\/web\/wp-json\/wp\/v2\/types\/post"}],"author":[{"embeddable":true,"href":"https:\/\/fetrib.com\/web\/wp-json\/wp\/v2\/users\/1"}],"replies":[{"embeddable":true,"href":"https:\/\/fetrib.com\/web\/wp-json\/wp\/v2\/comments?post=3435"}],"version-history":[{"count":2,"href":"https:\/\/fetrib.com\/web\/wp-json\/wp\/v2\/posts\/3435\/revisions"}],"predecessor-version":[{"id":3439,"href":"https:\/\/fetrib.com\/web\/wp-json\/wp\/v2\/posts\/3435\/revisions\/3439"}],"wp:featuredmedia":[{"embeddable":true,"href":"https:\/\/fetrib.com\/web\/wp-json\/wp\/v2\/media\/3437"}],"wp:attachment":[{"href":"https:\/\/fetrib.com\/web\/wp-json\/wp\/v2\/media?parent=3435"}],"wp:term":[{"taxonomy":"category","embeddable":true,"href":"https:\/\/fetrib.com\/web\/wp-json\/wp\/v2\/categories?post=3435"},{"taxonomy":"post_tag","embeddable":true,"href":"https:\/\/fetrib.com\/web\/wp-json\/wp\/v2\/tags?post=3435"}],"curies":[{"name":"wp","href":"https:\/\/api.w.org\/{rel}","templated":true}]}}