{"id":344,"date":"2013-09-30T08:31:03","date_gmt":"2013-09-30T08:31:03","guid":{"rendered":"http:\/\/www.fetrib.com\/web2018\/escolar-base\/clinic-per-a-categories-base-a-son-hugo13\/"},"modified":"2013-09-30T08:31:03","modified_gmt":"2013-09-30T08:31:03","slug":"clinic-per-a-categories-base-a-son-hugo13","status":"publish","type":"post","link":"https:\/\/fetrib.com\/web\/2013\/09\/30\/clinic-per-a-categories-base-a-son-hugo13\/","title":{"rendered":"Cl\u00ednic per a categories base a Son Hugo"},"content":{"rendered":"<div>\n<div style=\"text-align: center;\"><img decoding=\"async\" src=\"images\/stories\/img_3769.jpg\" border=\"0\" width=\"75%\/\" \/><\/div>\n<div>Un total de 35 infant han participat al cl\u00ednic de Son Hugo realitzat aquest cap de setmana.<br \/>  <!--more-->  Han  treballat les tres disciplines esportives per separat, NATACI\u00d3,  CICLISME I CARRERA, en una jornada a on la t\u00e8cnica i les activitats  l\u00fadiques han estat l&#8217;objectiu.<\/div>\n<\/p><\/div>\n<div>Tamb\u00e9 s&#8217;ha posat en marxa una activitat paral\u00b7lela de  nataci\u00f3 i estiraments per als pares, mares i acompanyants, que tot i ser  un petit grup el que s&#8217;ha animat a participar es preveu repetir en  properes edicions.<\/p>\n<\/div>\n<p>Agra\u00efm la col\u00b7laboraci\u00f3 a l&#8217;IME, que ens ha cedit les  instal\u00b7lacions gratu\u00eftament i tamb\u00e9 al Consell de Mallorca i al Corte  Ingl\u00e9s per col\u00b7laborar en iniciatives per fomentar l&#8217;esport en edat  escolar.<\/p>\n","protected":false},"excerpt":{"rendered":"<p>Un total de 35 infant han participat al cl\u00ednic de Son Hugo realitzat aquest cap de setmana.<\/p>\n","protected":false},"author":1,"featured_media":0,"comment_status":"open","ping_status":"open","sticky":false,"template":"","format":"standard","meta":{"_uag_custom_page_level_css":"","footnotes":""},"categories":[29],"tags":[],"class_list":["post-344","post","type-post","status-publish","format-standard","hentry","category-escolar-base"],"uagb_featured_image_src":{"full":false,"thumbnail":false,"medium":false,"medium_large":false,"large":false,"1536x1536":false,"2048x2048":false,"tie-small":false,"tie-large":false,"slider":false},"uagb_author_info":{"display_name":"admin","author_link":"https:\/\/fetrib.com\/web\/author\/admin\/"},"uagb_comment_info":0,"uagb_excerpt":"Un total de 35 infant han participat al cl\u00ednic de Son Hugo realitzat aquest cap de setmana.","_links":{"self":[{"href":"https:\/\/fetrib.com\/web\/wp-json\/wp\/v2\/posts\/344","targetHints":{"allow":["GET"]}}],"collection":[{"href":"https:\/\/fetrib.com\/web\/wp-json\/wp\/v2\/posts"}],"about":[{"href":"https:\/\/fetrib.com\/web\/wp-json\/wp\/v2\/types\/post"}],"author":[{"embeddable":true,"href":"https:\/\/fetrib.com\/web\/wp-json\/wp\/v2\/users\/1"}],"replies":[{"embeddable":true,"href":"https:\/\/fetrib.com\/web\/wp-json\/wp\/v2\/comments?post=344"}],"version-history":[{"count":0,"href":"https:\/\/fetrib.com\/web\/wp-json\/wp\/v2\/posts\/344\/revisions"}],"wp:attachment":[{"href":"https:\/\/fetrib.com\/web\/wp-json\/wp\/v2\/media?parent=344"}],"wp:term":[{"taxonomy":"category","embeddable":true,"href":"https:\/\/fetrib.com\/web\/wp-json\/wp\/v2\/categories?post=344"},{"taxonomy":"post_tag","embeddable":true,"href":"https:\/\/fetrib.com\/web\/wp-json\/wp\/v2\/tags?post=344"}],"curies":[{"name":"wp","href":"https:\/\/api.w.org\/{rel}","templated":true}]}}